{"id":11032,"date":"2023-04-21T20:53:29","date_gmt":"2023-04-21T19:53:29","guid":{"rendered":"https:\/\/malijai.fr\/?p=11032"},"modified":"2023-04-21T20:53:31","modified_gmt":"2023-04-21T19:53:31","slug":"de-ferme-en-ferme","status":"publish","type":"post","link":"https:\/\/malijai.fr\/index.php\/2023\/04\/21\/de-ferme-en-ferme\/","title":{"rendered":"DE FERME EN FERME"},"content":{"rendered":"\n<figure class=\"wp-block-image size-large is-resized\"><a href=\"https:\/\/malijai.fr\/wp-content\/uploads\/2023\/04\/Affiche-animations-2930.png\"><img fetchpriority=\"high\" decoding=\"async\" src=\"https:\/\/malijai.fr\/wp-content\/uploads\/2023\/04\/Affiche-animations-2930-724x1024.png\" alt=\"\" class=\"wp-image-11033\" width=\"489\" height=\"692\" srcset=\"https:\/\/malijai.fr\/wp-content\/uploads\/2023\/04\/Affiche-animations-2930-724x1024.png 724w, https:\/\/malijai.fr\/wp-content\/uploads\/2023\/04\/Affiche-animations-2930-212x300.png 212w, https:\/\/malijai.fr\/wp-content\/uploads\/2023\/04\/Affiche-animations-2930-768x1086.png 768w, https:\/\/malijai.fr\/wp-content\/uploads\/2023\/04\/Affiche-animations-2930-1086x1536.png 1086w, https:\/\/malijai.fr\/wp-content\/uploads\/2023\/04\/Affiche-animations-2930.png 1414w\" sizes=\"(max-width: 489px) 100vw, 489px\" \/><\/a><\/figure>\n\n\n\n<figure class=\"wp-block-image size-large is-resized\"><a href=\"https:\/\/malijai.fr\/wp-content\/uploads\/2023\/04\/Affiche-spectacle-29.png\"><img decoding=\"async\" src=\"https:\/\/malijai.fr\/wp-content\/uploads\/2023\/04\/Affiche-spectacle-29-1024x982.png\" alt=\"\" class=\"wp-image-11034\" width=\"494\" height=\"473\" srcset=\"https:\/\/malijai.fr\/wp-content\/uploads\/2023\/04\/Affiche-spectacle-29-1024x982.png 1024w, https:\/\/malijai.fr\/wp-content\/uploads\/2023\/04\/Affiche-spectacle-29-300x288.png 300w, https:\/\/malijai.fr\/wp-content\/uploads\/2023\/04\/Affiche-spectacle-29-768x736.png 768w, https:\/\/malijai.fr\/wp-content\/uploads\/2023\/04\/Affiche-spectacle-29.png 1407w\" sizes=\"(max-width: 494px) 100vw, 494px\" \/><\/a><\/figure>\n\n\n\n<p>Pour la deuxi\u00e8me ann\u00e9e cons\u00e9cutive, Provence Alpes Agglom\u00e9ration soutient Agribio 04 et le GR CIVAM PACA dans l\u2019organisation et la promotion de l\u2019\u00e9v\u00e8nement De Ferme en Ferme programm\u00e9 les 29 et 30 avril prochains.<br>Figurant parmi les quatre circuits pr\u00e9vus \u00e0 l\u2019\u00e9chelle du d\u00e9partement, \u00ab Le Circuit des robines \u00bb permettra ainsi au public de&nbsp;<strong>d\u00e9couvrir quatre fermes<\/strong>&nbsp;du territoire :<\/p>\n\n\n\n<ul class=\"wp-block-list\">\n<li><strong>L\u2019Etoile du Berger<\/strong>&nbsp;\u00e0 Draix (balade dans les poiriers Sarteau et d\u00e9gustation) ;<\/li>\n\n\n\n<li><strong>Le Champ des ombrelles<\/strong>&nbsp;\u00e0 Lainac (visite de la ferme et animation autour des semis) ;<\/li>\n\n\n\n<li><strong>La Robine des Canards<\/strong>&nbsp;\u00e0 La Robine-sur-Galabre (visite de la ferme et d\u00e9gustation des produits) ;<\/li>\n\n\n\n<li><strong>La ferme du Ch\u00e2teau<\/strong>&nbsp;\u00e0 Lambert (visite de la ferme, animation autour des chiens de protection et restauration sur place).<\/li>\n<\/ul>\n\n\n\n<p>Ces exploitations ouvriront leurs portes au public en continu<strong>&nbsp;le samedi et le dimanche de 10h \u00e0 18h.<\/strong>&nbsp;L\u2019occasion de venir \u00e9changer avec les agriculteurs et agricultrices sur divers sujets tels que l\u2019autonomie de leur ferme, la relocalisation de l\u2019alimentation ou encore la protection de l\u2019environnement et de la biodiversit\u00e9.<\/p>\n\n\n\n<ul class=\"wp-block-list\">\n<li><strong>Samedi 29 avril \u00e0 11h,<\/strong>&nbsp;Anna Cosima Jentzsch et Pierre Koffi Alanda donneront par ailleurs rendez-vous au public \u00e0 la salle polyvalente de La Robine-Sur-Galabre pour un&nbsp;<strong>spectacle intitul\u00e9 \u00ab Les chants dans les champs \u00bb<\/strong>. Propos\u00e9 gr\u00e2ce au soutien financier de Provence Alpes Agglom\u00e9ration, ce r\u00e9cit intime, dr\u00f4le et critique associe textes, chansons et images. Entr\u00e9e gratuite, sans inscription.<\/li>\n\n\n\n<li>Enfin, des&nbsp;<strong>produits frais et locaux<\/strong>&nbsp;seront servis tout au long du week-end dans les bistrots de pays&nbsp;<strong>Les Mets du Galabre<\/strong>&nbsp;(La Robine-sur-Galabre) et&nbsp;<strong>Le Cheval Blanc<\/strong>&nbsp;(Marcoux).<\/li>\n<\/ul>\n\n\n\n<p>Port\u00e9 par Agribio 04 et le GR CIVAM PACA, l\u2019\u00e9v\u00e8nement De ferme en ferme\u00ae est n\u00e9 dans les ann\u00e9es 90 \u00e0 l\u2019initiative d\u2019un groupe d\u2019agriculteurs d\u00e9sireux de faire d\u00e9couvrir leurs m\u00e9tiers au grand public. Cette op\u00e9ration annuelle a pour objectif d\u2019inciter le public \u00e0 \u00ab&nbsp;se balader de ferme en ferme&nbsp;\u00bb pour mieux appr\u00e9hender la notion complexe d\u2019agriculture durable et ses multiples dimensions. Il est soutenu localement par Provence Alpes Agglom\u00e9ration dans le cadre de son Projet Alimentaire Territorial.<\/p>\n","protected":false},"excerpt":{"rendered":"<p>Pour la deuxi\u00e8me ann\u00e9e cons\u00e9cutive, Provence Alpes Agglom\u00e9ration soutient Agribio 04 et le GR CIVAM PACA dans l\u2019organisation et la promotion de l\u2019\u00e9v\u00e8nement De Ferme en Ferme programm\u00e9 les 29 et 30 avril prochains.Figurant parmi les quatre circuits pr\u00e9vus \u00e0 l\u2019\u00e9chelle du d\u00e9partement, \u00ab Le Circuit des robines \u00bb permettra ainsi au public de&nbsp;d\u00e9couvrir quatre [&hellip;]<\/p>\n","protected":false},"author":6,"featured_media":11033,"comment_status":"closed","ping_status":"open","sticky":false,"template":"","format":"standard","meta":{"ngg_post_thumbnail":0,"ocean_post_layout":"","ocean_both_sidebars_style":"","ocean_both_sidebars_content_width":0,"ocean_both_sidebars_sidebars_width":0,"ocean_sidebar":"0","ocean_second_sidebar":"0","ocean_disable_margins":"enable","ocean_add_body_class":"","ocean_shortcode_before_top_bar":"","ocean_shortcode_after_top_bar":"","ocean_shortcode_before_header":"","ocean_shortcode_after_header":"","ocean_has_shortcode":"","ocean_shortcode_after_title":"","ocean_shortcode_before_footer_widgets":"","ocean_shortcode_after_footer_widgets":"","ocean_shortcode_before_footer_bottom":"","ocean_shortcode_after_footer_bottom":"","ocean_display_top_bar":"default","ocean_display_header":"default","ocean_header_style":"","ocean_center_header_left_menu":"0","ocean_custom_header_template":"0","ocean_custom_logo":0,"ocean_custom_retina_logo":0,"ocean_custom_logo_max_width":0,"ocean_custom_logo_tablet_max_width":0,"ocean_custom_logo_mobile_max_width":0,"ocean_custom_logo_max_height":0,"ocean_custom_logo_tablet_max_height":0,"ocean_custom_logo_mobile_max_height":0,"ocean_header_custom_menu":"0","ocean_menu_typo_font_family":"0","ocean_menu_typo_font_subset":"","ocean_menu_typo_font_size":0,"ocean_menu_typo_font_size_tablet":0,"ocean_menu_typo_font_size_mobile":0,"ocean_menu_typo_font_size_unit":"px","ocean_menu_typo_font_weight":"","ocean_menu_typo_font_weight_tablet":"","ocean_menu_typo_font_weight_mobile":"","ocean_menu_typo_transform":"","ocean_menu_typo_transform_tablet":"","ocean_menu_typo_transform_mobile":"","ocean_menu_typo_line_height":0,"ocean_menu_typo_line_height_tablet":0,"ocean_menu_typo_line_height_mobile":0,"ocean_menu_typo_line_height_unit":"","ocean_menu_typo_spacing":0,"ocean_menu_typo_spacing_tablet":0,"ocean_menu_typo_spacing_mobile":0,"ocean_menu_typo_spacing_unit":"","ocean_menu_link_color":"","ocean_menu_link_color_hover":"","ocean_menu_link_color_active":"","ocean_menu_link_background":"","ocean_menu_link_hover_background":"","ocean_menu_link_active_background":"","ocean_menu_social_links_bg":"","ocean_menu_social_hover_links_bg":"","ocean_menu_social_links_color":"","ocean_menu_social_hover_links_color":"","ocean_disable_title":"default","ocean_disable_heading":"default","ocean_post_title":"","ocean_post_subheading":"","ocean_post_title_style":"","ocean_post_title_background_color":"","ocean_post_title_background":0,"ocean_post_title_bg_image_position":"","ocean_post_title_bg_image_attachment":"","ocean_post_title_bg_image_repeat":"","ocean_post_title_bg_image_size":"","ocean_post_title_height":0,"ocean_post_title_bg_overlay":0.5,"ocean_post_title_bg_overlay_color":"","ocean_disable_breadcrumbs":"default","ocean_breadcrumbs_color":"","ocean_breadcrumbs_separator_color":"","ocean_breadcrumbs_links_color":"","ocean_breadcrumbs_links_hover_color":"","ocean_display_footer_widgets":"default","ocean_display_footer_bottom":"default","ocean_custom_footer_template":"0","ocean_post_oembed":"","ocean_post_self_hosted_media":"","ocean_post_video_embed":"","ocean_link_format":"","ocean_link_format_target":"self","ocean_quote_format":"","ocean_quote_format_link":"post","ocean_gallery_link_images":"off","ocean_gallery_id":[],"footnotes":""},"categories":[11],"tags":[],"class_list":["post-11032","post","type-post","status-publish","format-standard","has-post-thumbnail","hentry","category-actualite","entry","has-media"],"yoast_head":"<!-- This site is optimized with the Yoast SEO plugin v27.5 - https:\/\/yoast.com\/product\/yoast-seo-wordpress\/ -->\n<title>DE FERME EN FERME | Malijai.fr<\/title>\n<meta name=\"robots\" content=\"index, follow, max-snippet:-1, max-image-preview:large, max-video-preview:-1\" \/>\n<link rel=\"canonical\" href=\"https:\/\/malijai.fr\/index.php\/2023\/04\/21\/de-ferme-en-ferme\/\" \/>\n<meta property=\"og:locale\" content=\"fr_FR\" \/>\n<meta property=\"og:type\" content=\"article\" \/>\n<meta property=\"og:title\" content=\"DE FERME EN FERME | Malijai.fr\" \/>\n<meta property=\"og:description\" content=\"Pour la deuxi\u00e8me ann\u00e9e cons\u00e9cutive, Provence Alpes Agglom\u00e9ration soutient Agribio 04 et le GR CIVAM PACA dans l\u2019organisation et la promotion de l\u2019\u00e9v\u00e8nement De Ferme en Ferme programm\u00e9 les 29 et 30 avril prochains.Figurant parmi les quatre circuits pr\u00e9vus \u00e0 l\u2019\u00e9chelle du d\u00e9partement, \u00ab Le Circuit des robines \u00bb permettra ainsi au public de&nbsp;d\u00e9couvrir quatre [&hellip;]\" \/>\n<meta property=\"og:url\" content=\"https:\/\/malijai.fr\/index.php\/2023\/04\/21\/de-ferme-en-ferme\/\" \/>\n<meta property=\"og:site_name\" content=\"Malijai.fr\" \/>\n<meta property=\"article:publisher\" content=\"https:\/\/www.facebook.com\/MairieDeMalijai\" \/>\n<meta property=\"article:published_time\" content=\"2023-04-21T19:53:29+00:00\" \/>\n<meta property=\"article:modified_time\" content=\"2023-04-21T19:53:31+00:00\" \/>\n<meta property=\"og:image\" content=\"https:\/\/malijai.fr\/wp-content\/uploads\/2023\/04\/Affiche-animations-2930.png\" \/>\n\t<meta property=\"og:image:width\" content=\"1414\" \/>\n\t<meta property=\"og:image:height\" content=\"2000\" \/>\n\t<meta property=\"og:image:type\" content=\"image\/png\" \/>\n<meta name=\"author\" content=\"Gilles GONCALVES\" \/>\n<meta name=\"twitter:card\" content=\"summary_large_image\" \/>\n<meta name=\"twitter:label1\" content=\"\u00c9crit par\" \/>\n\t<meta name=\"twitter:data1\" content=\"Gilles GONCALVES\" \/>\n\t<meta name=\"twitter:label2\" content=\"Dur\u00e9e de lecture estim\u00e9e\" \/>\n\t<meta name=\"twitter:data2\" content=\"3 minutes\" \/>\n<script type=\"application\/ld+json\" class=\"yoast-schema-graph\">{\"@context\":\"https:\\\/\\\/schema.org\",\"@graph\":[{\"@type\":\"Article\",\"@id\":\"https:\\\/\\\/malijai.fr\\\/index.php\\\/2023\\\/04\\\/21\\\/de-ferme-en-ferme\\\/#article\",\"isPartOf\":{\"@id\":\"https:\\\/\\\/malijai.fr\\\/index.php\\\/2023\\\/04\\\/21\\\/de-ferme-en-ferme\\\/\"},\"author\":{\"name\":\"Gilles GONCALVES\",\"@id\":\"https:\\\/\\\/malijai.fr\\\/#\\\/schema\\\/person\\\/f3e45b6e7a46f269bfcbdf71dd59e14a\"},\"headline\":\"DE FERME EN FERME\",\"datePublished\":\"2023-04-21T19:53:29+00:00\",\"dateModified\":\"2023-04-21T19:53:31+00:00\",\"mainEntityOfPage\":{\"@id\":\"https:\\\/\\\/malijai.fr\\\/index.php\\\/2023\\\/04\\\/21\\\/de-ferme-en-ferme\\\/\"},\"wordCount\":379,\"publisher\":{\"@id\":\"https:\\\/\\\/malijai.fr\\\/#organization\"},\"image\":{\"@id\":\"https:\\\/\\\/malijai.fr\\\/index.php\\\/2023\\\/04\\\/21\\\/de-ferme-en-ferme\\\/#primaryimage\"},\"thumbnailUrl\":\"https:\\\/\\\/malijai.fr\\\/wp-content\\\/uploads\\\/2023\\\/04\\\/Affiche-animations-2930.png\",\"articleSection\":[\"Actualit\u00e9\"],\"inLanguage\":\"fr-FR\"},{\"@type\":\"WebPage\",\"@id\":\"https:\\\/\\\/malijai.fr\\\/index.php\\\/2023\\\/04\\\/21\\\/de-ferme-en-ferme\\\/\",\"url\":\"https:\\\/\\\/malijai.fr\\\/index.php\\\/2023\\\/04\\\/21\\\/de-ferme-en-ferme\\\/\",\"name\":\"DE FERME EN FERME | Malijai.fr\",\"isPartOf\":{\"@id\":\"https:\\\/\\\/malijai.fr\\\/#website\"},\"primaryImageOfPage\":{\"@id\":\"https:\\\/\\\/malijai.fr\\\/index.php\\\/2023\\\/04\\\/21\\\/de-ferme-en-ferme\\\/#primaryimage\"},\"image\":{\"@id\":\"https:\\\/\\\/malijai.fr\\\/index.php\\\/2023\\\/04\\\/21\\\/de-ferme-en-ferme\\\/#primaryimage\"},\"thumbnailUrl\":\"https:\\\/\\\/malijai.fr\\\/wp-content\\\/uploads\\\/2023\\\/04\\\/Affiche-animations-2930.png\",\"datePublished\":\"2023-04-21T19:53:29+00:00\",\"dateModified\":\"2023-04-21T19:53:31+00:00\",\"breadcrumb\":{\"@id\":\"https:\\\/\\\/malijai.fr\\\/index.php\\\/2023\\\/04\\\/21\\\/de-ferme-en-ferme\\\/#breadcrumb\"},\"inLanguage\":\"fr-FR\",\"potentialAction\":[{\"@type\":\"ReadAction\",\"target\":[\"https:\\\/\\\/malijai.fr\\\/index.php\\\/2023\\\/04\\\/21\\\/de-ferme-en-ferme\\\/\"]}]},{\"@type\":\"ImageObject\",\"inLanguage\":\"fr-FR\",\"@id\":\"https:\\\/\\\/malijai.fr\\\/index.php\\\/2023\\\/04\\\/21\\\/de-ferme-en-ferme\\\/#primaryimage\",\"url\":\"https:\\\/\\\/malijai.fr\\\/wp-content\\\/uploads\\\/2023\\\/04\\\/Affiche-animations-2930.png\",\"contentUrl\":\"https:\\\/\\\/malijai.fr\\\/wp-content\\\/uploads\\\/2023\\\/04\\\/Affiche-animations-2930.png\",\"width\":1414,\"height\":2000},{\"@type\":\"BreadcrumbList\",\"@id\":\"https:\\\/\\\/malijai.fr\\\/index.php\\\/2023\\\/04\\\/21\\\/de-ferme-en-ferme\\\/#breadcrumb\",\"itemListElement\":[{\"@type\":\"ListItem\",\"position\":1,\"name\":\"Accueil\",\"item\":\"https:\\\/\\\/malijai.fr\\\/\"},{\"@type\":\"ListItem\",\"position\":2,\"name\":\"DE FERME EN FERME\"}]},{\"@type\":\"WebSite\",\"@id\":\"https:\\\/\\\/malijai.fr\\\/#website\",\"url\":\"https:\\\/\\\/malijai.fr\\\/\",\"name\":\"Malijai.fr\",\"description\":\"Site internet de la commune de Malijai dans les Alpes de Haute-Provence\",\"publisher\":{\"@id\":\"https:\\\/\\\/malijai.fr\\\/#organization\"},\"potentialAction\":[{\"@type\":\"SearchAction\",\"target\":{\"@type\":\"EntryPoint\",\"urlTemplate\":\"https:\\\/\\\/malijai.fr\\\/?s={search_term_string}\"},\"query-input\":{\"@type\":\"PropertyValueSpecification\",\"valueRequired\":true,\"valueName\":\"search_term_string\"}}],\"inLanguage\":\"fr-FR\"},{\"@type\":\"Organization\",\"@id\":\"https:\\\/\\\/malijai.fr\\\/#organization\",\"name\":\"Malijai\",\"url\":\"https:\\\/\\\/malijai.fr\\\/\",\"logo\":{\"@type\":\"ImageObject\",\"inLanguage\":\"fr-FR\",\"@id\":\"https:\\\/\\\/malijai.fr\\\/#\\\/schema\\\/logo\\\/image\\\/\",\"url\":\"https:\\\/\\\/www.malijai.fr\\\/wp-content\\\/uploads\\\/2021\\\/11\\\/205467984_317221263388622_5064034598485676827_n.jpg\",\"contentUrl\":\"https:\\\/\\\/www.malijai.fr\\\/wp-content\\\/uploads\\\/2021\\\/11\\\/205467984_317221263388622_5064034598485676827_n.jpg\",\"width\":1697,\"height\":1080,\"caption\":\"Malijai\"},\"image\":{\"@id\":\"https:\\\/\\\/malijai.fr\\\/#\\\/schema\\\/logo\\\/image\\\/\"},\"sameAs\":[\"https:\\\/\\\/www.facebook.com\\\/MairieDeMalijai\"]},{\"@type\":\"Person\",\"@id\":\"https:\\\/\\\/malijai.fr\\\/#\\\/schema\\\/person\\\/f3e45b6e7a46f269bfcbdf71dd59e14a\",\"name\":\"Gilles GONCALVES\",\"image\":{\"@type\":\"ImageObject\",\"inLanguage\":\"fr-FR\",\"@id\":\"https:\\\/\\\/secure.gravatar.com\\\/avatar\\\/0864925b915317c99c8c3d40c86269db4a772d1fbbac72b82a91de22a6c4859a?s=96&d=mm&r=g\",\"url\":\"https:\\\/\\\/secure.gravatar.com\\\/avatar\\\/0864925b915317c99c8c3d40c86269db4a772d1fbbac72b82a91de22a6c4859a?s=96&d=mm&r=g\",\"contentUrl\":\"https:\\\/\\\/secure.gravatar.com\\\/avatar\\\/0864925b915317c99c8c3d40c86269db4a772d1fbbac72b82a91de22a6c4859a?s=96&d=mm&r=g\",\"caption\":\"Gilles GONCALVES\"},\"url\":\"https:\\\/\\\/malijai.fr\\\/index.php\\\/author\\\/gilles-goncalves\\\/\"}]}<\/script>\n<!-- \/ Yoast SEO plugin. -->","yoast_head_json":{"title":"DE FERME EN FERME | Malijai.fr","robots":{"index":"index","follow":"follow","max-snippet":"max-snippet:-1","max-image-preview":"max-image-preview:large","max-video-preview":"max-video-preview:-1"},"canonical":"https:\/\/malijai.fr\/index.php\/2023\/04\/21\/de-ferme-en-ferme\/","og_locale":"fr_FR","og_type":"article","og_title":"DE FERME EN FERME | Malijai.fr","og_description":"Pour la deuxi\u00e8me ann\u00e9e cons\u00e9cutive, Provence Alpes Agglom\u00e9ration soutient Agribio 04 et le GR CIVAM PACA dans l\u2019organisation et la promotion de l\u2019\u00e9v\u00e8nement De Ferme en Ferme programm\u00e9 les 29 et 30 avril prochains.Figurant parmi les quatre circuits pr\u00e9vus \u00e0 l\u2019\u00e9chelle du d\u00e9partement, \u00ab Le Circuit des robines \u00bb permettra ainsi au public de&nbsp;d\u00e9couvrir quatre [&hellip;]","og_url":"https:\/\/malijai.fr\/index.php\/2023\/04\/21\/de-ferme-en-ferme\/","og_site_name":"Malijai.fr","article_publisher":"https:\/\/www.facebook.com\/MairieDeMalijai","article_published_time":"2023-04-21T19:53:29+00:00","article_modified_time":"2023-04-21T19:53:31+00:00","og_image":[{"width":1414,"height":2000,"url":"https:\/\/malijai.fr\/wp-content\/uploads\/2023\/04\/Affiche-animations-2930.png","type":"image\/png"}],"author":"Gilles GONCALVES","twitter_card":"summary_large_image","twitter_misc":{"\u00c9crit par":"Gilles GONCALVES","Dur\u00e9e de lecture estim\u00e9e":"3 minutes"},"schema":{"@context":"https:\/\/schema.org","@graph":[{"@type":"Article","@id":"https:\/\/malijai.fr\/index.php\/2023\/04\/21\/de-ferme-en-ferme\/#article","isPartOf":{"@id":"https:\/\/malijai.fr\/index.php\/2023\/04\/21\/de-ferme-en-ferme\/"},"author":{"name":"Gilles GONCALVES","@id":"https:\/\/malijai.fr\/#\/schema\/person\/f3e45b6e7a46f269bfcbdf71dd59e14a"},"headline":"DE FERME EN FERME","datePublished":"2023-04-21T19:53:29+00:00","dateModified":"2023-04-21T19:53:31+00:00","mainEntityOfPage":{"@id":"https:\/\/malijai.fr\/index.php\/2023\/04\/21\/de-ferme-en-ferme\/"},"wordCount":379,"publisher":{"@id":"https:\/\/malijai.fr\/#organization"},"image":{"@id":"https:\/\/malijai.fr\/index.php\/2023\/04\/21\/de-ferme-en-ferme\/#primaryimage"},"thumbnailUrl":"https:\/\/malijai.fr\/wp-content\/uploads\/2023\/04\/Affiche-animations-2930.png","articleSection":["Actualit\u00e9"],"inLanguage":"fr-FR"},{"@type":"WebPage","@id":"https:\/\/malijai.fr\/index.php\/2023\/04\/21\/de-ferme-en-ferme\/","url":"https:\/\/malijai.fr\/index.php\/2023\/04\/21\/de-ferme-en-ferme\/","name":"DE FERME EN FERME | Malijai.fr","isPartOf":{"@id":"https:\/\/malijai.fr\/#website"},"primaryImageOfPage":{"@id":"https:\/\/malijai.fr\/index.php\/2023\/04\/21\/de-ferme-en-ferme\/#primaryimage"},"image":{"@id":"https:\/\/malijai.fr\/index.php\/2023\/04\/21\/de-ferme-en-ferme\/#primaryimage"},"thumbnailUrl":"https:\/\/malijai.fr\/wp-content\/uploads\/2023\/04\/Affiche-animations-2930.png","datePublished":"2023-04-21T19:53:29+00:00","dateModified":"2023-04-21T19:53:31+00:00","breadcrumb":{"@id":"https:\/\/malijai.fr\/index.php\/2023\/04\/21\/de-ferme-en-ferme\/#breadcrumb"},"inLanguage":"fr-FR","potentialAction":[{"@type":"ReadAction","target":["https:\/\/malijai.fr\/index.php\/2023\/04\/21\/de-ferme-en-ferme\/"]}]},{"@type":"ImageObject","inLanguage":"fr-FR","@id":"https:\/\/malijai.fr\/index.php\/2023\/04\/21\/de-ferme-en-ferme\/#primaryimage","url":"https:\/\/malijai.fr\/wp-content\/uploads\/2023\/04\/Affiche-animations-2930.png","contentUrl":"https:\/\/malijai.fr\/wp-content\/uploads\/2023\/04\/Affiche-animations-2930.png","width":1414,"height":2000},{"@type":"BreadcrumbList","@id":"https:\/\/malijai.fr\/index.php\/2023\/04\/21\/de-ferme-en-ferme\/#breadcrumb","itemListElement":[{"@type":"ListItem","position":1,"name":"Accueil","item":"https:\/\/malijai.fr\/"},{"@type":"ListItem","position":2,"name":"DE FERME EN FERME"}]},{"@type":"WebSite","@id":"https:\/\/malijai.fr\/#website","url":"https:\/\/malijai.fr\/","name":"Malijai.fr","description":"Site internet de la commune de Malijai dans les Alpes de Haute-Provence","publisher":{"@id":"https:\/\/malijai.fr\/#organization"},"potentialAction":[{"@type":"SearchAction","target":{"@type":"EntryPoint","urlTemplate":"https:\/\/malijai.fr\/?s={search_term_string}"},"query-input":{"@type":"PropertyValueSpecification","valueRequired":true,"valueName":"search_term_string"}}],"inLanguage":"fr-FR"},{"@type":"Organization","@id":"https:\/\/malijai.fr\/#organization","name":"Malijai","url":"https:\/\/malijai.fr\/","logo":{"@type":"ImageObject","inLanguage":"fr-FR","@id":"https:\/\/malijai.fr\/#\/schema\/logo\/image\/","url":"https:\/\/www.malijai.fr\/wp-content\/uploads\/2021\/11\/205467984_317221263388622_5064034598485676827_n.jpg","contentUrl":"https:\/\/www.malijai.fr\/wp-content\/uploads\/2021\/11\/205467984_317221263388622_5064034598485676827_n.jpg","width":1697,"height":1080,"caption":"Malijai"},"image":{"@id":"https:\/\/malijai.fr\/#\/schema\/logo\/image\/"},"sameAs":["https:\/\/www.facebook.com\/MairieDeMalijai"]},{"@type":"Person","@id":"https:\/\/malijai.fr\/#\/schema\/person\/f3e45b6e7a46f269bfcbdf71dd59e14a","name":"Gilles GONCALVES","image":{"@type":"ImageObject","inLanguage":"fr-FR","@id":"https:\/\/secure.gravatar.com\/avatar\/0864925b915317c99c8c3d40c86269db4a772d1fbbac72b82a91de22a6c4859a?s=96&d=mm&r=g","url":"https:\/\/secure.gravatar.com\/avatar\/0864925b915317c99c8c3d40c86269db4a772d1fbbac72b82a91de22a6c4859a?s=96&d=mm&r=g","contentUrl":"https:\/\/secure.gravatar.com\/avatar\/0864925b915317c99c8c3d40c86269db4a772d1fbbac72b82a91de22a6c4859a?s=96&d=mm&r=g","caption":"Gilles GONCALVES"},"url":"https:\/\/malijai.fr\/index.php\/author\/gilles-goncalves\/"}]}},"_links":{"self":[{"href":"https:\/\/malijai.fr\/index.php\/wp-json\/wp\/v2\/posts\/11032","targetHints":{"allow":["GET"]}}],"collection":[{"href":"https:\/\/malijai.fr\/index.php\/wp-json\/wp\/v2\/posts"}],"about":[{"href":"https:\/\/malijai.fr\/index.php\/wp-json\/wp\/v2\/types\/post"}],"author":[{"embeddable":true,"href":"https:\/\/malijai.fr\/index.php\/wp-json\/wp\/v2\/users\/6"}],"replies":[{"embeddable":true,"href":"https:\/\/malijai.fr\/index.php\/wp-json\/wp\/v2\/comments?post=11032"}],"version-history":[{"count":1,"href":"https:\/\/malijai.fr\/index.php\/wp-json\/wp\/v2\/posts\/11032\/revisions"}],"predecessor-version":[{"id":11035,"href":"https:\/\/malijai.fr\/index.php\/wp-json\/wp\/v2\/posts\/11032\/revisions\/11035"}],"wp:featuredmedia":[{"embeddable":true,"href":"https:\/\/malijai.fr\/index.php\/wp-json\/wp\/v2\/media\/11033"}],"wp:attachment":[{"href":"https:\/\/malijai.fr\/index.php\/wp-json\/wp\/v2\/media?parent=11032"}],"wp:term":[{"taxonomy":"category","embeddable":true,"href":"https:\/\/malijai.fr\/index.php\/wp-json\/wp\/v2\/categories?post=11032"},{"taxonomy":"post_tag","embeddable":true,"href":"https:\/\/malijai.fr\/index.php\/wp-json\/wp\/v2\/tags?post=11032"}],"curies":[{"name":"wp","href":"https:\/\/api.w.org\/{rel}","templated":true}]}}