{"id":4513,"date":"2021-10-06T20:41:43","date_gmt":"2021-10-06T19:41:43","guid":{"rendered":"http:\/\/www.malijai.fr\/?p=4513"},"modified":"2021-10-06T20:41:53","modified_gmt":"2021-10-06T19:41:53","slug":"renovation-energetique","status":"publish","type":"post","link":"https:\/\/malijai.fr\/index.php\/2021\/10\/06\/renovation-energetique\/","title":{"rendered":"R\u00e9novation \u00e9nerg\u00e9tique"},"content":{"rendered":"<h1 class=\"entry-title fusion-post-title fusion-responsive-typography-calculated\" data-fontsize=\"22\" data-lineheight=\"22px\">Provence Alpes Agglom\u00e9ration poursuit son engagement dans la r\u00e9novation \u00e9nerg\u00e9tique<\/h1>\n<div class=\"post-content\">\n<div class=\"h5ab-print-button-container\"><\/div>\n<p>Vous \u00eates un particulier ou artisan-commer\u00e7ant\u00a0?Vous souhaitez r\u00e9nover votre logement ou vos locaux\u00a0?<\/p>\n<p>Le Service d\u2019Accompagnement \u00e0 la R\u00e9novation Energ\u00e9tique se d\u00e9ploie sur PAA.<\/p>\n<p>Port\u00e9 par\u00a0<em>l\u2019ADEME et le D\u00e9partement des Alpes-de-Haute-Provence, le service est anim\u00e9 localement par l\u2019Agence Locale de la Transition Energ\u00e9tique (ALTE) en partenariat avec Provence Alpes Agglom\u00e9ration.<\/em><\/p>\n<p>Les conseillers de l\u2019ALTE, sp\u00e9cialistes de la r\u00e9novation, accompagnent les particuliers et les petites entreprises* souhaitant r\u00e9aliser des \u00e9conomies d\u2019\u00e9nergie et am\u00e9liorer le confort de leurs logements ou de leurs locaux : aides financi\u00e8res mobilisables, solutions techniques performantes et professionnels qualifi\u00e9s.<\/p>\n<p><strong>Au mois d\u2019octobre, ils tiendront cinq permanences dans diff\u00e9rents lieux du territoire de Provence Alpes Agglom\u00e9ration :<br \/>\n<\/strong><\/p>\n<p><strong>Vendredi 8 octobre\u00a0<\/strong>: Ch\u00e2teau-Arnoux-Saint-Auban- Maison France Services \u2013 Les Jardins de la cit\u00e9, 7 cours Pechiney ; 9h-16h<\/p>\n<p><strong>Jeudi 21 octobre\u00a0<\/strong>: Digne-les-Bains \u2013 Diniapolis\/la Fabrique \u2013 1 bd Victor Hugo ; 9h-16h<\/p>\n<p><strong>Vendredi 22 octobre\u00a0<\/strong>: Seyne \u2013 Maison de services au public \u2013 rue du Barri ; 9h15-16h45<\/p>\n<p><strong>Lundi 25 octobre\u00a0<\/strong>: Digne-les-Bains \u2013 Diniapolis\/la Fabrique \u2013 1 bd Victor Hugo ; 9h-16h<\/p>\n<p><strong>Mardi 26 octobre\u00a0<\/strong>:\u00a0 Volonne \u2013 ancienne tr\u00e9sorerie \u2013 7 place G\u00e9n\u00e9ral De Gaulle ; 9h-16h<\/p>\n<p>Prenez-rendez-vous d\u00e8s aujourd\u2019hui avec un conseiller pour vous accompagner dans votre projet de r\u00e9novation.\u00a0<strong>Par t\u00e9l\u00e9phone :\u00a0<\/strong>le lundi et le mercredi, de 9h30 \u00e0 12h30 et de 13h30 \u00e0 16h30\u00a0<strong>au 04 90 74 09 18.<\/strong><\/p>\n<p><strong>Sur internet\u00a0:<\/strong>\u00a0<a href=\"http:\/\/www.alte-provence.org\/\">www.alte-provence.org<\/a><\/p>\n<p><strong>L\u2019Ademe<\/strong>\u00a0: Pour prendre contact avec les services de l\u2019agence nationale pour la transition \u00e9cologique, rendez-vous sur la plateforme\u00a0<a href=\"https:\/\/paca.ademe.fr\/\">https:\/\/paca.ademe.fr\/<\/a>. Vous y retrouverez toutes les informations n\u00e9cessaires pour comprendre les diff\u00e9rents dispositifs et accompagnements mis \u00e0 votre disposition.\u00a0<strong>Contact Ademe : 04 91 32 84 44 2, boulevard de Gab\u00e8s C.S. 50139 13267 Marseille Cedex 08<\/strong><\/p>\n<p>Pour toutes questions sur le r\u00e9chauffement climatique, sur vos gestes du quotidien, pour comprendre et agir, vous pouvez vous rendre sur\u00a0<a href=\"https:\/\/climate.selectra.com\/fr\">climate.selectra<\/a>.<\/p>\n<p><em>*Concerne les petites entreprises priv\u00e9s du secteur tertiaire: TPE, commerces, bureaux, restaurants, etc, allant jusqu\u2019\u00e0 10 salari\u00e9s et ne rentrant pas dans le champ d\u2019obligation d\u2019\u00e9conomies d\u2019\u00e9nergie du d\u00e9cret tertiaire.<\/em><\/p>\n<\/div>\n","protected":false},"excerpt":{"rendered":"<p>Provence Alpes Agglom\u00e9ration poursuit son engagement dans la r\u00e9novation \u00e9nerg\u00e9tique Vous \u00eates un particulier ou artisan-commer\u00e7ant\u00a0?Vous souhaitez r\u00e9nover votre logement ou vos locaux\u00a0? Le Service d\u2019Accompagnement \u00e0 la R\u00e9novation Energ\u00e9tique se d\u00e9ploie sur PAA. Port\u00e9 par\u00a0l\u2019ADEME et le D\u00e9partement des Alpes-de-Haute-Provence, le service est anim\u00e9 localement par l\u2019Agence Locale de la Transition Energ\u00e9tique (ALTE) en [&hellip;]<\/p>\n","protected":false},"author":6,"featured_media":4514,"comment_status":"closed","ping_status":"open","sticky":false,"template":"","format":"standard","meta":{"ngg_post_thumbnail":0,"ocean_post_layout":"","ocean_both_sidebars_style":"","ocean_both_sidebars_content_width":0,"ocean_both_sidebars_sidebars_width":0,"ocean_sidebar":"","ocean_second_sidebar":"","ocean_disable_margins":"enable","ocean_add_body_class":"","ocean_shortcode_before_top_bar":"","ocean_shortcode_after_top_bar":"","ocean_shortcode_before_header":"","ocean_shortcode_after_header":"","ocean_has_shortcode":"","ocean_shortcode_after_title":"","ocean_shortcode_before_footer_widgets":"","ocean_shortcode_after_footer_widgets":"","ocean_shortcode_before_footer_bottom":"","ocean_shortcode_after_footer_bottom":"","ocean_display_top_bar":"default","ocean_display_header":"default","ocean_header_style":"","ocean_center_header_left_menu":"","ocean_custom_header_template":"","ocean_custom_logo":0,"ocean_custom_retina_logo":0,"ocean_custom_logo_max_width":0,"ocean_custom_logo_tablet_max_width":0,"ocean_custom_logo_mobile_max_width":0,"ocean_custom_logo_max_height":0,"ocean_custom_logo_tablet_max_height":0,"ocean_custom_logo_mobile_max_height":0,"ocean_header_custom_menu":"","ocean_menu_typo_font_family":"","ocean_menu_typo_font_subset":"","ocean_menu_typo_font_size":0,"ocean_menu_typo_font_size_tablet":0,"ocean_menu_typo_font_size_mobile":0,"ocean_menu_typo_font_size_unit":"px","ocean_menu_typo_font_weight":"","ocean_menu_typo_font_weight_tablet":"","ocean_menu_typo_font_weight_mobile":"","ocean_menu_typo_transform":"","ocean_menu_typo_transform_tablet":"","ocean_menu_typo_transform_mobile":"","ocean_menu_typo_line_height":0,"ocean_menu_typo_line_height_tablet":0,"ocean_menu_typo_line_height_mobile":0,"ocean_menu_typo_line_height_unit":"","ocean_menu_typo_spacing":0,"ocean_menu_typo_spacing_tablet":0,"ocean_menu_typo_spacing_mobile":0,"ocean_menu_typo_spacing_unit":"","ocean_menu_link_color":"","ocean_menu_link_color_hover":"","ocean_menu_link_color_active":"","ocean_menu_link_background":"","ocean_menu_link_hover_background":"","ocean_menu_link_active_background":"","ocean_menu_social_links_bg":"","ocean_menu_social_hover_links_bg":"","ocean_menu_social_links_color":"","ocean_menu_social_hover_links_color":"","ocean_disable_title":"default","ocean_disable_heading":"default","ocean_post_title":"","ocean_post_subheading":"","ocean_post_title_style":"","ocean_post_title_background_color":"","ocean_post_title_background":0,"ocean_post_title_bg_image_position":"","ocean_post_title_bg_image_attachment":"","ocean_post_title_bg_image_repeat":"","ocean_post_title_bg_image_size":"","ocean_post_title_height":0,"ocean_post_title_bg_overlay":0.5,"ocean_post_title_bg_overlay_color":"","ocean_disable_breadcrumbs":"default","ocean_breadcrumbs_color":"","ocean_breadcrumbs_separator_color":"","ocean_breadcrumbs_links_color":"","ocean_breadcrumbs_links_hover_color":"","ocean_display_footer_widgets":"default","ocean_display_footer_bottom":"default","ocean_custom_footer_template":"","ocean_post_oembed":"","ocean_post_self_hosted_media":"","ocean_post_video_embed":"","ocean_link_format":"","ocean_link_format_target":"self","ocean_quote_format":"","ocean_quote_format_link":"post","ocean_gallery_link_images":"on","ocean_gallery_id":[],"footnotes":""},"categories":[11],"tags":[],"class_list":["post-4513","post","type-post","status-publish","format-standard","has-post-thumbnail","hentry","category-actualite","entry","has-media"],"yoast_head":"<!-- This site is optimized with the Yoast SEO plugin v27.5 - https:\/\/yoast.com\/product\/yoast-seo-wordpress\/ -->\n<title>R\u00e9novation \u00e9nerg\u00e9tique | Malijai.fr<\/title>\n<meta name=\"robots\" content=\"index, follow, max-snippet:-1, max-image-preview:large, max-video-preview:-1\" \/>\n<link rel=\"canonical\" href=\"https:\/\/malijai.fr\/index.php\/2021\/10\/06\/renovation-energetique\/\" \/>\n<meta property=\"og:locale\" content=\"fr_FR\" \/>\n<meta property=\"og:type\" content=\"article\" \/>\n<meta property=\"og:title\" content=\"R\u00e9novation \u00e9nerg\u00e9tique | Malijai.fr\" \/>\n<meta property=\"og:description\" content=\"Provence Alpes Agglom\u00e9ration poursuit son engagement dans la r\u00e9novation \u00e9nerg\u00e9tique Vous \u00eates un particulier ou artisan-commer\u00e7ant\u00a0?Vous souhaitez r\u00e9nover votre logement ou vos locaux\u00a0? Le Service d\u2019Accompagnement \u00e0 la R\u00e9novation Energ\u00e9tique se d\u00e9ploie sur PAA. Port\u00e9 par\u00a0l\u2019ADEME et le D\u00e9partement des Alpes-de-Haute-Provence, le service est anim\u00e9 localement par l\u2019Agence Locale de la Transition Energ\u00e9tique (ALTE) en [&hellip;]\" \/>\n<meta property=\"og:url\" content=\"https:\/\/malijai.fr\/index.php\/2021\/10\/06\/renovation-energetique\/\" \/>\n<meta property=\"og:site_name\" content=\"Malijai.fr\" \/>\n<meta property=\"article:publisher\" content=\"https:\/\/www.facebook.com\/MairieDeMalijai\" \/>\n<meta property=\"article:published_time\" content=\"2021-10-06T19:41:43+00:00\" \/>\n<meta property=\"article:modified_time\" content=\"2021-10-06T19:41:53+00:00\" \/>\n<meta property=\"og:image\" content=\"https:\/\/malijai.fr\/wp-content\/uploads\/2021\/10\/money-2724235_640.jpg\" \/>\n\t<meta property=\"og:image:width\" content=\"640\" \/>\n\t<meta property=\"og:image:height\" content=\"354\" \/>\n\t<meta property=\"og:image:type\" content=\"image\/jpeg\" \/>\n<meta name=\"author\" content=\"Gilles GONCALVES\" \/>\n<meta name=\"twitter:card\" content=\"summary_large_image\" \/>\n<meta name=\"twitter:label1\" content=\"\u00c9crit par\" \/>\n\t<meta name=\"twitter:data1\" content=\"Gilles GONCALVES\" \/>\n\t<meta name=\"twitter:label2\" content=\"Dur\u00e9e de lecture estim\u00e9e\" \/>\n\t<meta name=\"twitter:data2\" content=\"2 minutes\" \/>\n<script type=\"application\/ld+json\" class=\"yoast-schema-graph\">{\"@context\":\"https:\\\/\\\/schema.org\",\"@graph\":[{\"@type\":\"Article\",\"@id\":\"https:\\\/\\\/malijai.fr\\\/index.php\\\/2021\\\/10\\\/06\\\/renovation-energetique\\\/#article\",\"isPartOf\":{\"@id\":\"https:\\\/\\\/malijai.fr\\\/index.php\\\/2021\\\/10\\\/06\\\/renovation-energetique\\\/\"},\"author\":{\"name\":\"Gilles GONCALVES\",\"@id\":\"https:\\\/\\\/malijai.fr\\\/#\\\/schema\\\/person\\\/f3e45b6e7a46f269bfcbdf71dd59e14a\"},\"headline\":\"R\u00e9novation \u00e9nerg\u00e9tique\",\"datePublished\":\"2021-10-06T19:41:43+00:00\",\"dateModified\":\"2021-10-06T19:41:53+00:00\",\"mainEntityOfPage\":{\"@id\":\"https:\\\/\\\/malijai.fr\\\/index.php\\\/2021\\\/10\\\/06\\\/renovation-energetique\\\/\"},\"wordCount\":363,\"publisher\":{\"@id\":\"https:\\\/\\\/malijai.fr\\\/#organization\"},\"image\":{\"@id\":\"https:\\\/\\\/malijai.fr\\\/index.php\\\/2021\\\/10\\\/06\\\/renovation-energetique\\\/#primaryimage\"},\"thumbnailUrl\":\"https:\\\/\\\/malijai.fr\\\/wp-content\\\/uploads\\\/2021\\\/10\\\/money-2724235_640.jpg\",\"articleSection\":[\"Actualit\u00e9\"],\"inLanguage\":\"fr-FR\"},{\"@type\":\"WebPage\",\"@id\":\"https:\\\/\\\/malijai.fr\\\/index.php\\\/2021\\\/10\\\/06\\\/renovation-energetique\\\/\",\"url\":\"https:\\\/\\\/malijai.fr\\\/index.php\\\/2021\\\/10\\\/06\\\/renovation-energetique\\\/\",\"name\":\"R\u00e9novation \u00e9nerg\u00e9tique | Malijai.fr\",\"isPartOf\":{\"@id\":\"https:\\\/\\\/malijai.fr\\\/#website\"},\"primaryImageOfPage\":{\"@id\":\"https:\\\/\\\/malijai.fr\\\/index.php\\\/2021\\\/10\\\/06\\\/renovation-energetique\\\/#primaryimage\"},\"image\":{\"@id\":\"https:\\\/\\\/malijai.fr\\\/index.php\\\/2021\\\/10\\\/06\\\/renovation-energetique\\\/#primaryimage\"},\"thumbnailUrl\":\"https:\\\/\\\/malijai.fr\\\/wp-content\\\/uploads\\\/2021\\\/10\\\/money-2724235_640.jpg\",\"datePublished\":\"2021-10-06T19:41:43+00:00\",\"dateModified\":\"2021-10-06T19:41:53+00:00\",\"breadcrumb\":{\"@id\":\"https:\\\/\\\/malijai.fr\\\/index.php\\\/2021\\\/10\\\/06\\\/renovation-energetique\\\/#breadcrumb\"},\"inLanguage\":\"fr-FR\",\"potentialAction\":[{\"@type\":\"ReadAction\",\"target\":[\"https:\\\/\\\/malijai.fr\\\/index.php\\\/2021\\\/10\\\/06\\\/renovation-energetique\\\/\"]}]},{\"@type\":\"ImageObject\",\"inLanguage\":\"fr-FR\",\"@id\":\"https:\\\/\\\/malijai.fr\\\/index.php\\\/2021\\\/10\\\/06\\\/renovation-energetique\\\/#primaryimage\",\"url\":\"https:\\\/\\\/malijai.fr\\\/wp-content\\\/uploads\\\/2021\\\/10\\\/money-2724235_640.jpg\",\"contentUrl\":\"https:\\\/\\\/malijai.fr\\\/wp-content\\\/uploads\\\/2021\\\/10\\\/money-2724235_640.jpg\",\"width\":640,\"height\":354},{\"@type\":\"BreadcrumbList\",\"@id\":\"https:\\\/\\\/malijai.fr\\\/index.php\\\/2021\\\/10\\\/06\\\/renovation-energetique\\\/#breadcrumb\",\"itemListElement\":[{\"@type\":\"ListItem\",\"position\":1,\"name\":\"Accueil\",\"item\":\"https:\\\/\\\/malijai.fr\\\/\"},{\"@type\":\"ListItem\",\"position\":2,\"name\":\"R\u00e9novation \u00e9nerg\u00e9tique\"}]},{\"@type\":\"WebSite\",\"@id\":\"https:\\\/\\\/malijai.fr\\\/#website\",\"url\":\"https:\\\/\\\/malijai.fr\\\/\",\"name\":\"Malijai.fr\",\"description\":\"Site internet de la commune de Malijai dans les Alpes de Haute-Provence\",\"publisher\":{\"@id\":\"https:\\\/\\\/malijai.fr\\\/#organization\"},\"potentialAction\":[{\"@type\":\"SearchAction\",\"target\":{\"@type\":\"EntryPoint\",\"urlTemplate\":\"https:\\\/\\\/malijai.fr\\\/?s={search_term_string}\"},\"query-input\":{\"@type\":\"PropertyValueSpecification\",\"valueRequired\":true,\"valueName\":\"search_term_string\"}}],\"inLanguage\":\"fr-FR\"},{\"@type\":\"Organization\",\"@id\":\"https:\\\/\\\/malijai.fr\\\/#organization\",\"name\":\"Malijai\",\"url\":\"https:\\\/\\\/malijai.fr\\\/\",\"logo\":{\"@type\":\"ImageObject\",\"inLanguage\":\"fr-FR\",\"@id\":\"https:\\\/\\\/malijai.fr\\\/#\\\/schema\\\/logo\\\/image\\\/\",\"url\":\"https:\\\/\\\/www.malijai.fr\\\/wp-content\\\/uploads\\\/2021\\\/11\\\/205467984_317221263388622_5064034598485676827_n.jpg\",\"contentUrl\":\"https:\\\/\\\/www.malijai.fr\\\/wp-content\\\/uploads\\\/2021\\\/11\\\/205467984_317221263388622_5064034598485676827_n.jpg\",\"width\":1697,\"height\":1080,\"caption\":\"Malijai\"},\"image\":{\"@id\":\"https:\\\/\\\/malijai.fr\\\/#\\\/schema\\\/logo\\\/image\\\/\"},\"sameAs\":[\"https:\\\/\\\/www.facebook.com\\\/MairieDeMalijai\"]},{\"@type\":\"Person\",\"@id\":\"https:\\\/\\\/malijai.fr\\\/#\\\/schema\\\/person\\\/f3e45b6e7a46f269bfcbdf71dd59e14a\",\"name\":\"Gilles GONCALVES\",\"image\":{\"@type\":\"ImageObject\",\"inLanguage\":\"fr-FR\",\"@id\":\"https:\\\/\\\/secure.gravatar.com\\\/avatar\\\/0864925b915317c99c8c3d40c86269db4a772d1fbbac72b82a91de22a6c4859a?s=96&d=mm&r=g\",\"url\":\"https:\\\/\\\/secure.gravatar.com\\\/avatar\\\/0864925b915317c99c8c3d40c86269db4a772d1fbbac72b82a91de22a6c4859a?s=96&d=mm&r=g\",\"contentUrl\":\"https:\\\/\\\/secure.gravatar.com\\\/avatar\\\/0864925b915317c99c8c3d40c86269db4a772d1fbbac72b82a91de22a6c4859a?s=96&d=mm&r=g\",\"caption\":\"Gilles GONCALVES\"},\"url\":\"https:\\\/\\\/malijai.fr\\\/index.php\\\/author\\\/gilles-goncalves\\\/\"}]}<\/script>\n<!-- \/ Yoast SEO plugin. -->","yoast_head_json":{"title":"R\u00e9novation \u00e9nerg\u00e9tique | Malijai.fr","robots":{"index":"index","follow":"follow","max-snippet":"max-snippet:-1","max-image-preview":"max-image-preview:large","max-video-preview":"max-video-preview:-1"},"canonical":"https:\/\/malijai.fr\/index.php\/2021\/10\/06\/renovation-energetique\/","og_locale":"fr_FR","og_type":"article","og_title":"R\u00e9novation \u00e9nerg\u00e9tique | Malijai.fr","og_description":"Provence Alpes Agglom\u00e9ration poursuit son engagement dans la r\u00e9novation \u00e9nerg\u00e9tique Vous \u00eates un particulier ou artisan-commer\u00e7ant\u00a0?Vous souhaitez r\u00e9nover votre logement ou vos locaux\u00a0? Le Service d\u2019Accompagnement \u00e0 la R\u00e9novation Energ\u00e9tique se d\u00e9ploie sur PAA. Port\u00e9 par\u00a0l\u2019ADEME et le D\u00e9partement des Alpes-de-Haute-Provence, le service est anim\u00e9 localement par l\u2019Agence Locale de la Transition Energ\u00e9tique (ALTE) en [&hellip;]","og_url":"https:\/\/malijai.fr\/index.php\/2021\/10\/06\/renovation-energetique\/","og_site_name":"Malijai.fr","article_publisher":"https:\/\/www.facebook.com\/MairieDeMalijai","article_published_time":"2021-10-06T19:41:43+00:00","article_modified_time":"2021-10-06T19:41:53+00:00","og_image":[{"width":640,"height":354,"url":"https:\/\/malijai.fr\/wp-content\/uploads\/2021\/10\/money-2724235_640.jpg","type":"image\/jpeg"}],"author":"Gilles GONCALVES","twitter_card":"summary_large_image","twitter_misc":{"\u00c9crit par":"Gilles GONCALVES","Dur\u00e9e de lecture estim\u00e9e":"2 minutes"},"schema":{"@context":"https:\/\/schema.org","@graph":[{"@type":"Article","@id":"https:\/\/malijai.fr\/index.php\/2021\/10\/06\/renovation-energetique\/#article","isPartOf":{"@id":"https:\/\/malijai.fr\/index.php\/2021\/10\/06\/renovation-energetique\/"},"author":{"name":"Gilles GONCALVES","@id":"https:\/\/malijai.fr\/#\/schema\/person\/f3e45b6e7a46f269bfcbdf71dd59e14a"},"headline":"R\u00e9novation \u00e9nerg\u00e9tique","datePublished":"2021-10-06T19:41:43+00:00","dateModified":"2021-10-06T19:41:53+00:00","mainEntityOfPage":{"@id":"https:\/\/malijai.fr\/index.php\/2021\/10\/06\/renovation-energetique\/"},"wordCount":363,"publisher":{"@id":"https:\/\/malijai.fr\/#organization"},"image":{"@id":"https:\/\/malijai.fr\/index.php\/2021\/10\/06\/renovation-energetique\/#primaryimage"},"thumbnailUrl":"https:\/\/malijai.fr\/wp-content\/uploads\/2021\/10\/money-2724235_640.jpg","articleSection":["Actualit\u00e9"],"inLanguage":"fr-FR"},{"@type":"WebPage","@id":"https:\/\/malijai.fr\/index.php\/2021\/10\/06\/renovation-energetique\/","url":"https:\/\/malijai.fr\/index.php\/2021\/10\/06\/renovation-energetique\/","name":"R\u00e9novation \u00e9nerg\u00e9tique | Malijai.fr","isPartOf":{"@id":"https:\/\/malijai.fr\/#website"},"primaryImageOfPage":{"@id":"https:\/\/malijai.fr\/index.php\/2021\/10\/06\/renovation-energetique\/#primaryimage"},"image":{"@id":"https:\/\/malijai.fr\/index.php\/2021\/10\/06\/renovation-energetique\/#primaryimage"},"thumbnailUrl":"https:\/\/malijai.fr\/wp-content\/uploads\/2021\/10\/money-2724235_640.jpg","datePublished":"2021-10-06T19:41:43+00:00","dateModified":"2021-10-06T19:41:53+00:00","breadcrumb":{"@id":"https:\/\/malijai.fr\/index.php\/2021\/10\/06\/renovation-energetique\/#breadcrumb"},"inLanguage":"fr-FR","potentialAction":[{"@type":"ReadAction","target":["https:\/\/malijai.fr\/index.php\/2021\/10\/06\/renovation-energetique\/"]}]},{"@type":"ImageObject","inLanguage":"fr-FR","@id":"https:\/\/malijai.fr\/index.php\/2021\/10\/06\/renovation-energetique\/#primaryimage","url":"https:\/\/malijai.fr\/wp-content\/uploads\/2021\/10\/money-2724235_640.jpg","contentUrl":"https:\/\/malijai.fr\/wp-content\/uploads\/2021\/10\/money-2724235_640.jpg","width":640,"height":354},{"@type":"BreadcrumbList","@id":"https:\/\/malijai.fr\/index.php\/2021\/10\/06\/renovation-energetique\/#breadcrumb","itemListElement":[{"@type":"ListItem","position":1,"name":"Accueil","item":"https:\/\/malijai.fr\/"},{"@type":"ListItem","position":2,"name":"R\u00e9novation \u00e9nerg\u00e9tique"}]},{"@type":"WebSite","@id":"https:\/\/malijai.fr\/#website","url":"https:\/\/malijai.fr\/","name":"Malijai.fr","description":"Site internet de la commune de Malijai dans les Alpes de Haute-Provence","publisher":{"@id":"https:\/\/malijai.fr\/#organization"},"potentialAction":[{"@type":"SearchAction","target":{"@type":"EntryPoint","urlTemplate":"https:\/\/malijai.fr\/?s={search_term_string}"},"query-input":{"@type":"PropertyValueSpecification","valueRequired":true,"valueName":"search_term_string"}}],"inLanguage":"fr-FR"},{"@type":"Organization","@id":"https:\/\/malijai.fr\/#organization","name":"Malijai","url":"https:\/\/malijai.fr\/","logo":{"@type":"ImageObject","inLanguage":"fr-FR","@id":"https:\/\/malijai.fr\/#\/schema\/logo\/image\/","url":"https:\/\/www.malijai.fr\/wp-content\/uploads\/2021\/11\/205467984_317221263388622_5064034598485676827_n.jpg","contentUrl":"https:\/\/www.malijai.fr\/wp-content\/uploads\/2021\/11\/205467984_317221263388622_5064034598485676827_n.jpg","width":1697,"height":1080,"caption":"Malijai"},"image":{"@id":"https:\/\/malijai.fr\/#\/schema\/logo\/image\/"},"sameAs":["https:\/\/www.facebook.com\/MairieDeMalijai"]},{"@type":"Person","@id":"https:\/\/malijai.fr\/#\/schema\/person\/f3e45b6e7a46f269bfcbdf71dd59e14a","name":"Gilles GONCALVES","image":{"@type":"ImageObject","inLanguage":"fr-FR","@id":"https:\/\/secure.gravatar.com\/avatar\/0864925b915317c99c8c3d40c86269db4a772d1fbbac72b82a91de22a6c4859a?s=96&d=mm&r=g","url":"https:\/\/secure.gravatar.com\/avatar\/0864925b915317c99c8c3d40c86269db4a772d1fbbac72b82a91de22a6c4859a?s=96&d=mm&r=g","contentUrl":"https:\/\/secure.gravatar.com\/avatar\/0864925b915317c99c8c3d40c86269db4a772d1fbbac72b82a91de22a6c4859a?s=96&d=mm&r=g","caption":"Gilles GONCALVES"},"url":"https:\/\/malijai.fr\/index.php\/author\/gilles-goncalves\/"}]}},"_links":{"self":[{"href":"https:\/\/malijai.fr\/index.php\/wp-json\/wp\/v2\/posts\/4513","targetHints":{"allow":["GET"]}}],"collection":[{"href":"https:\/\/malijai.fr\/index.php\/wp-json\/wp\/v2\/posts"}],"about":[{"href":"https:\/\/malijai.fr\/index.php\/wp-json\/wp\/v2\/types\/post"}],"author":[{"embeddable":true,"href":"https:\/\/malijai.fr\/index.php\/wp-json\/wp\/v2\/users\/6"}],"replies":[{"embeddable":true,"href":"https:\/\/malijai.fr\/index.php\/wp-json\/wp\/v2\/comments?post=4513"}],"version-history":[{"count":1,"href":"https:\/\/malijai.fr\/index.php\/wp-json\/wp\/v2\/posts\/4513\/revisions"}],"predecessor-version":[{"id":4515,"href":"https:\/\/malijai.fr\/index.php\/wp-json\/wp\/v2\/posts\/4513\/revisions\/4515"}],"wp:featuredmedia":[{"embeddable":true,"href":"https:\/\/malijai.fr\/index.php\/wp-json\/wp\/v2\/media\/4514"}],"wp:attachment":[{"href":"https:\/\/malijai.fr\/index.php\/wp-json\/wp\/v2\/media?parent=4513"}],"wp:term":[{"taxonomy":"category","embeddable":true,"href":"https:\/\/malijai.fr\/index.php\/wp-json\/wp\/v2\/categories?post=4513"},{"taxonomy":"post_tag","embeddable":true,"href":"https:\/\/malijai.fr\/index.php\/wp-json\/wp\/v2\/tags?post=4513"}],"curies":[{"name":"wp","href":"https:\/\/api.w.org\/{rel}","templated":true}]}}