{"id":8737,"date":"2022-01-30T17:51:46","date_gmt":"2022-01-30T16:51:46","guid":{"rendered":"https:\/\/malijai.fr\/?p=8737"},"modified":"2022-01-30T17:51:48","modified_gmt":"2022-01-30T16:51:48","slug":"transport-de-lagglomeration","status":"publish","type":"post","link":"https:\/\/malijai.fr\/index.php\/2022\/01\/30\/transport-de-lagglomeration\/","title":{"rendered":"Transport de l&rsquo;agglom\u00e9ration"},"content":{"rendered":"\n<figure class=\"wp-block-image size-full\"><a href=\"https:\/\/malijai.fr\/wp-content\/uploads\/2022\/01\/272807462_1878943358958451_1250740414464485259_n.jpg\"><img fetchpriority=\"high\" decoding=\"async\" width=\"333\" height=\"333\" src=\"https:\/\/malijai.fr\/wp-content\/uploads\/2022\/01\/272807462_1878943358958451_1250740414464485259_n.jpg\" alt=\"\" class=\"wp-image-8739\" srcset=\"https:\/\/malijai.fr\/wp-content\/uploads\/2022\/01\/272807462_1878943358958451_1250740414464485259_n.jpg 333w, https:\/\/malijai.fr\/wp-content\/uploads\/2022\/01\/272807462_1878943358958451_1250740414464485259_n-300x300.jpg 300w, https:\/\/malijai.fr\/wp-content\/uploads\/2022\/01\/272807462_1878943358958451_1250740414464485259_n-150x150.jpg 150w\" sizes=\"(max-width: 333px) 100vw, 333px\" \/><\/a><\/figure>\n\n\n\n<h4 class=\"wp-block-heading\"><a href=\"https:\/\/www.facebook.com\/ProvenceAlpesAgglo\/?__cft__[0]=AZWLX4M7pRXmkngMZOFbAZBxBP0Ad9EBu7JLPGrveM9YTw5oTRo6O7175cwpCEFFq9GqdwgWVsRZHvPSKlsaLHXIWiBYlKioWq8UCigkkEyUdAN-08LoPkv3izhrS0WpXYVQEDkIPDi68Bz8Jzt6uXb6hJozuiNKUHddZo5GbgRe9l-qHLLTvwHQDHKAf5Nm7EpbQZTYHOgMpGYeUrQvAL4hVv2NpMsO7zjl7rme_mupCQ&amp;__tn__=-UC%2CP-y-R\"><strong>Provence Alpes Agglom\u00e9ration<\/strong><\/a><\/h4>\n\n\n\n<h4 class=\"wp-block-heading\">\u00a0TRANSPORTS<\/h4>\n\n\n\n<h4 class=\"has-text-align-left wp-block-heading\">Recevez toutes les informations des transports de l\u2019agglom\u00e9ration en temps r\u00e9el sur votre smartphone !Un retard de bus ? Une \u00e9volution sur le r\u00e9seau ? Des travaux ou \u00e9v\u00e8nements entra\u00eenant une modification de trajet ? Soyez avertis en temps r\u00e9el, sur votre smartphone ou tablette, des perturbations et \u00e9volutions des services de transports de Provence Alpes Agglom\u00e9ration gr\u00e2ce \u00e0 la nouvelle application Citykomi\u00ae !Gratuit et simple d\u2019utilisation, cet outil vous permettra de recevoir les alertes et informations utiles sur le service de Transport Urbain Dignois (TUD), les lignes interurbaines et les lignes scolaires de l\u2019agglom\u00e9ration. Pour l\u2019utiliser : \u2022 T\u00e9l\u00e9chargez gratuitement l\u2019application Citykomi\u00ae \u2022 Cliquez sur le symbole \u00ab + \u00bb puis sur \u00ab ajouter un diffuseur \u00bb ; \u2022 Flashez le QR Code du service transports de Provence Alpes Agglom\u00e9ration ou recherchez \u00ab\u00a0Transports Provence Alpes Agglom\u00e9ration\u00a0\u00bb dans la barre de recherche ; \u2022 Confirmez en cliquant sur \u00ab Je m\u2019abonne \u00bb pour recevoir gratuitement toutes les notifications du service. <\/h4>\n\n\n\n<h4 class=\"alignwide wp-block-heading\">                            Plus d\u2019infos sur : <a href=\"https:\/\/l.facebook.com\/l.php?u=https%3A%2F%2Fbit.ly%2F32B1zyH%3Ffbclid%3DIwAR0Q0bV4hhacpuykG04UxF2wG6gQdERvW4dk3d8uJ7r3k1hW3qowelaHefQ&amp;h=AT3gLTEZiFMIIX7nPWAFkpdjQjTUzjt9EmKoYWu596g58KucT8ozPQiMsM7XtCcdOuE4oFEPNrpPK1TkvV6l0m-qYdDhFeQPCQgBV2aJLT0_7wyLaDuxxNFVyWNW4Xfz8r58VAFk7vVODRvF9wV2&amp;__tn__=-UK-y-R&amp;c[0]=AT2N1NtTeflyLnPyoFpsspyUHnDPhutbjSFryqntktX68Xj9YY3c7lF5gS-4gDhwoyBnWWMWFnLoNvo-PcVkfK1gK0pbdn0CVEdNll6TPEnn0SNIOe5Ns7phiFklpqgPUhzx2PJwarL63nR2evAYE-4x3xd7pDZV9FiJJD7HFCnS4Jp2LH8s-bWJgKjlhFysBFR9oHfnxo6i89hIF8dG4HnJV_WaZ6bCxY9sQQBQ5Wj4PUtfiH8hLGySqg\" rel=\"noreferrer noopener\" target=\"_blank\">https:\/\/bit.ly\/32B1zyH<\/a><\/h4>\n\n\n\n<p><\/p>\n","protected":false},"excerpt":{"rendered":"<p>Provence Alpes Agglom\u00e9ration \u00a0TRANSPORTS Recevez toutes les informations des transports de l\u2019agglom\u00e9ration en temps r\u00e9el sur votre smartphone !Un retard de bus ? Une \u00e9volution sur le r\u00e9seau ? Des travaux ou \u00e9v\u00e8nements entra\u00eenant une modification de trajet ? Soyez avertis en temps r\u00e9el, sur votre smartphone ou tablette, des perturbations et \u00e9volutions des services [&hellip;]<\/p>\n","protected":false},"author":6,"featured_media":8739,"comment_status":"closed","ping_status":"open","sticky":false,"template":"","format":"standard","meta":{"ngg_post_thumbnail":0,"ocean_post_layout":"","ocean_both_sidebars_style":"","ocean_both_sidebars_content_width":0,"ocean_both_sidebars_sidebars_width":0,"ocean_sidebar":"0","ocean_second_sidebar":"0","ocean_disable_margins":"enable","ocean_add_body_class":"","ocean_shortcode_before_top_bar":"","ocean_shortcode_after_top_bar":"","ocean_shortcode_before_header":"","ocean_shortcode_after_header":"","ocean_has_shortcode":"","ocean_shortcode_after_title":"","ocean_shortcode_before_footer_widgets":"","ocean_shortcode_after_footer_widgets":"","ocean_shortcode_before_footer_bottom":"","ocean_shortcode_after_footer_bottom":"","ocean_display_top_bar":"default","ocean_display_header":"default","ocean_header_style":"","ocean_center_header_left_menu":"0","ocean_custom_header_template":"0","ocean_custom_logo":0,"ocean_custom_retina_logo":0,"ocean_custom_logo_max_width":0,"ocean_custom_logo_tablet_max_width":0,"ocean_custom_logo_mobile_max_width":0,"ocean_custom_logo_max_height":0,"ocean_custom_logo_tablet_max_height":0,"ocean_custom_logo_mobile_max_height":0,"ocean_header_custom_menu":"0","ocean_menu_typo_font_family":"0","ocean_menu_typo_font_subset":"","ocean_menu_typo_font_size":0,"ocean_menu_typo_font_size_tablet":0,"ocean_menu_typo_font_size_mobile":0,"ocean_menu_typo_font_size_unit":"px","ocean_menu_typo_font_weight":"","ocean_menu_typo_font_weight_tablet":"","ocean_menu_typo_font_weight_mobile":"","ocean_menu_typo_transform":"","ocean_menu_typo_transform_tablet":"","ocean_menu_typo_transform_mobile":"","ocean_menu_typo_line_height":0,"ocean_menu_typo_line_height_tablet":0,"ocean_menu_typo_line_height_mobile":0,"ocean_menu_typo_line_height_unit":"","ocean_menu_typo_spacing":0,"ocean_menu_typo_spacing_tablet":0,"ocean_menu_typo_spacing_mobile":0,"ocean_menu_typo_spacing_unit":"","ocean_menu_link_color":"","ocean_menu_link_color_hover":"","ocean_menu_link_color_active":"","ocean_menu_link_background":"","ocean_menu_link_hover_background":"","ocean_menu_link_active_background":"","ocean_menu_social_links_bg":"","ocean_menu_social_hover_links_bg":"","ocean_menu_social_links_color":"","ocean_menu_social_hover_links_color":"","ocean_disable_title":"default","ocean_disable_heading":"default","ocean_post_title":"","ocean_post_subheading":"","ocean_post_title_style":"","ocean_post_title_background_color":"","ocean_post_title_background":0,"ocean_post_title_bg_image_position":"","ocean_post_title_bg_image_attachment":"","ocean_post_title_bg_image_repeat":"","ocean_post_title_bg_image_size":"","ocean_post_title_height":0,"ocean_post_title_bg_overlay":0.5,"ocean_post_title_bg_overlay_color":"","ocean_disable_breadcrumbs":"default","ocean_breadcrumbs_color":"","ocean_breadcrumbs_separator_color":"","ocean_breadcrumbs_links_color":"","ocean_breadcrumbs_links_hover_color":"","ocean_display_footer_widgets":"default","ocean_display_footer_bottom":"default","ocean_custom_footer_template":"0","ocean_post_oembed":"","ocean_post_self_hosted_media":"","ocean_post_video_embed":"","ocean_link_format":"","ocean_link_format_target":"self","ocean_quote_format":"","ocean_quote_format_link":"post","ocean_gallery_link_images":"off","ocean_gallery_id":[],"footnotes":""},"categories":[11],"tags":[],"class_list":["post-8737","post","type-post","status-publish","format-standard","has-post-thumbnail","hentry","category-actualite","entry","has-media"],"yoast_head":"<!-- This site is optimized with the Yoast SEO plugin v27.5 - https:\/\/yoast.com\/product\/yoast-seo-wordpress\/ -->\n<title>Transport de l&#039;agglom\u00e9ration | Malijai.fr<\/title>\n<meta name=\"robots\" content=\"index, follow, max-snippet:-1, max-image-preview:large, max-video-preview:-1\" \/>\n<link rel=\"canonical\" href=\"https:\/\/malijai.fr\/index.php\/2022\/01\/30\/transport-de-lagglomeration\/\" \/>\n<meta property=\"og:locale\" content=\"fr_FR\" \/>\n<meta property=\"og:type\" content=\"article\" \/>\n<meta property=\"og:title\" content=\"Transport de l&#039;agglom\u00e9ration | Malijai.fr\" \/>\n<meta property=\"og:description\" content=\"Provence Alpes Agglom\u00e9ration \u00a0TRANSPORTS Recevez toutes les informations des transports de l\u2019agglom\u00e9ration en temps r\u00e9el sur votre smartphone !Un retard de bus ? Une \u00e9volution sur le r\u00e9seau ? Des travaux ou \u00e9v\u00e8nements entra\u00eenant une modification de trajet ? Soyez avertis en temps r\u00e9el, sur votre smartphone ou tablette, des perturbations et \u00e9volutions des services [&hellip;]\" \/>\n<meta property=\"og:url\" content=\"https:\/\/malijai.fr\/index.php\/2022\/01\/30\/transport-de-lagglomeration\/\" \/>\n<meta property=\"og:site_name\" content=\"Malijai.fr\" \/>\n<meta property=\"article:publisher\" content=\"https:\/\/www.facebook.com\/MairieDeMalijai\" \/>\n<meta property=\"article:published_time\" content=\"2022-01-30T16:51:46+00:00\" \/>\n<meta property=\"article:modified_time\" content=\"2022-01-30T16:51:48+00:00\" \/>\n<meta property=\"og:image\" content=\"https:\/\/malijai.fr\/wp-content\/uploads\/2022\/01\/272807462_1878943358958451_1250740414464485259_n.jpg\" \/>\n\t<meta property=\"og:image:width\" content=\"333\" \/>\n\t<meta property=\"og:image:height\" content=\"333\" \/>\n\t<meta property=\"og:image:type\" content=\"image\/jpeg\" \/>\n<meta name=\"author\" content=\"Gilles GONCALVES\" \/>\n<meta name=\"twitter:card\" content=\"summary_large_image\" \/>\n<meta name=\"twitter:label1\" content=\"\u00c9crit par\" \/>\n\t<meta name=\"twitter:data1\" content=\"Gilles GONCALVES\" \/>\n\t<meta name=\"twitter:label2\" content=\"Dur\u00e9e de lecture estim\u00e9e\" \/>\n\t<meta name=\"twitter:data2\" content=\"1 minute\" \/>\n<script type=\"application\/ld+json\" class=\"yoast-schema-graph\">{\"@context\":\"https:\\\/\\\/schema.org\",\"@graph\":[{\"@type\":\"Article\",\"@id\":\"https:\\\/\\\/malijai.fr\\\/index.php\\\/2022\\\/01\\\/30\\\/transport-de-lagglomeration\\\/#article\",\"isPartOf\":{\"@id\":\"https:\\\/\\\/malijai.fr\\\/index.php\\\/2022\\\/01\\\/30\\\/transport-de-lagglomeration\\\/\"},\"author\":{\"name\":\"Gilles GONCALVES\",\"@id\":\"https:\\\/\\\/malijai.fr\\\/#\\\/schema\\\/person\\\/f3e45b6e7a46f269bfcbdf71dd59e14a\"},\"headline\":\"Transport de l&rsquo;agglom\u00e9ration\",\"datePublished\":\"2022-01-30T16:51:46+00:00\",\"dateModified\":\"2022-01-30T16:51:48+00:00\",\"mainEntityOfPage\":{\"@id\":\"https:\\\/\\\/malijai.fr\\\/index.php\\\/2022\\\/01\\\/30\\\/transport-de-lagglomeration\\\/\"},\"wordCount\":180,\"publisher\":{\"@id\":\"https:\\\/\\\/malijai.fr\\\/#organization\"},\"image\":{\"@id\":\"https:\\\/\\\/malijai.fr\\\/index.php\\\/2022\\\/01\\\/30\\\/transport-de-lagglomeration\\\/#primaryimage\"},\"thumbnailUrl\":\"https:\\\/\\\/malijai.fr\\\/wp-content\\\/uploads\\\/2022\\\/01\\\/272807462_1878943358958451_1250740414464485259_n.jpg\",\"articleSection\":[\"Actualit\u00e9\"],\"inLanguage\":\"fr-FR\"},{\"@type\":\"WebPage\",\"@id\":\"https:\\\/\\\/malijai.fr\\\/index.php\\\/2022\\\/01\\\/30\\\/transport-de-lagglomeration\\\/\",\"url\":\"https:\\\/\\\/malijai.fr\\\/index.php\\\/2022\\\/01\\\/30\\\/transport-de-lagglomeration\\\/\",\"name\":\"Transport de l'agglom\u00e9ration | Malijai.fr\",\"isPartOf\":{\"@id\":\"https:\\\/\\\/malijai.fr\\\/#website\"},\"primaryImageOfPage\":{\"@id\":\"https:\\\/\\\/malijai.fr\\\/index.php\\\/2022\\\/01\\\/30\\\/transport-de-lagglomeration\\\/#primaryimage\"},\"image\":{\"@id\":\"https:\\\/\\\/malijai.fr\\\/index.php\\\/2022\\\/01\\\/30\\\/transport-de-lagglomeration\\\/#primaryimage\"},\"thumbnailUrl\":\"https:\\\/\\\/malijai.fr\\\/wp-content\\\/uploads\\\/2022\\\/01\\\/272807462_1878943358958451_1250740414464485259_n.jpg\",\"datePublished\":\"2022-01-30T16:51:46+00:00\",\"dateModified\":\"2022-01-30T16:51:48+00:00\",\"breadcrumb\":{\"@id\":\"https:\\\/\\\/malijai.fr\\\/index.php\\\/2022\\\/01\\\/30\\\/transport-de-lagglomeration\\\/#breadcrumb\"},\"inLanguage\":\"fr-FR\",\"potentialAction\":[{\"@type\":\"ReadAction\",\"target\":[\"https:\\\/\\\/malijai.fr\\\/index.php\\\/2022\\\/01\\\/30\\\/transport-de-lagglomeration\\\/\"]}]},{\"@type\":\"ImageObject\",\"inLanguage\":\"fr-FR\",\"@id\":\"https:\\\/\\\/malijai.fr\\\/index.php\\\/2022\\\/01\\\/30\\\/transport-de-lagglomeration\\\/#primaryimage\",\"url\":\"https:\\\/\\\/malijai.fr\\\/wp-content\\\/uploads\\\/2022\\\/01\\\/272807462_1878943358958451_1250740414464485259_n.jpg\",\"contentUrl\":\"https:\\\/\\\/malijai.fr\\\/wp-content\\\/uploads\\\/2022\\\/01\\\/272807462_1878943358958451_1250740414464485259_n.jpg\",\"width\":333,\"height\":333},{\"@type\":\"BreadcrumbList\",\"@id\":\"https:\\\/\\\/malijai.fr\\\/index.php\\\/2022\\\/01\\\/30\\\/transport-de-lagglomeration\\\/#breadcrumb\",\"itemListElement\":[{\"@type\":\"ListItem\",\"position\":1,\"name\":\"Accueil\",\"item\":\"https:\\\/\\\/malijai.fr\\\/\"},{\"@type\":\"ListItem\",\"position\":2,\"name\":\"Transport de l&rsquo;agglom\u00e9ration\"}]},{\"@type\":\"WebSite\",\"@id\":\"https:\\\/\\\/malijai.fr\\\/#website\",\"url\":\"https:\\\/\\\/malijai.fr\\\/\",\"name\":\"Malijai.fr\",\"description\":\"Site internet de la commune de Malijai dans les Alpes de Haute-Provence\",\"publisher\":{\"@id\":\"https:\\\/\\\/malijai.fr\\\/#organization\"},\"potentialAction\":[{\"@type\":\"SearchAction\",\"target\":{\"@type\":\"EntryPoint\",\"urlTemplate\":\"https:\\\/\\\/malijai.fr\\\/?s={search_term_string}\"},\"query-input\":{\"@type\":\"PropertyValueSpecification\",\"valueRequired\":true,\"valueName\":\"search_term_string\"}}],\"inLanguage\":\"fr-FR\"},{\"@type\":\"Organization\",\"@id\":\"https:\\\/\\\/malijai.fr\\\/#organization\",\"name\":\"Malijai\",\"url\":\"https:\\\/\\\/malijai.fr\\\/\",\"logo\":{\"@type\":\"ImageObject\",\"inLanguage\":\"fr-FR\",\"@id\":\"https:\\\/\\\/malijai.fr\\\/#\\\/schema\\\/logo\\\/image\\\/\",\"url\":\"https:\\\/\\\/www.malijai.fr\\\/wp-content\\\/uploads\\\/2021\\\/11\\\/205467984_317221263388622_5064034598485676827_n.jpg\",\"contentUrl\":\"https:\\\/\\\/www.malijai.fr\\\/wp-content\\\/uploads\\\/2021\\\/11\\\/205467984_317221263388622_5064034598485676827_n.jpg\",\"width\":1697,\"height\":1080,\"caption\":\"Malijai\"},\"image\":{\"@id\":\"https:\\\/\\\/malijai.fr\\\/#\\\/schema\\\/logo\\\/image\\\/\"},\"sameAs\":[\"https:\\\/\\\/www.facebook.com\\\/MairieDeMalijai\"]},{\"@type\":\"Person\",\"@id\":\"https:\\\/\\\/malijai.fr\\\/#\\\/schema\\\/person\\\/f3e45b6e7a46f269bfcbdf71dd59e14a\",\"name\":\"Gilles GONCALVES\",\"image\":{\"@type\":\"ImageObject\",\"inLanguage\":\"fr-FR\",\"@id\":\"https:\\\/\\\/secure.gravatar.com\\\/avatar\\\/0864925b915317c99c8c3d40c86269db4a772d1fbbac72b82a91de22a6c4859a?s=96&d=mm&r=g\",\"url\":\"https:\\\/\\\/secure.gravatar.com\\\/avatar\\\/0864925b915317c99c8c3d40c86269db4a772d1fbbac72b82a91de22a6c4859a?s=96&d=mm&r=g\",\"contentUrl\":\"https:\\\/\\\/secure.gravatar.com\\\/avatar\\\/0864925b915317c99c8c3d40c86269db4a772d1fbbac72b82a91de22a6c4859a?s=96&d=mm&r=g\",\"caption\":\"Gilles GONCALVES\"},\"url\":\"https:\\\/\\\/malijai.fr\\\/index.php\\\/author\\\/gilles-goncalves\\\/\"}]}<\/script>\n<!-- \/ Yoast SEO plugin. -->","yoast_head_json":{"title":"Transport de l'agglom\u00e9ration | Malijai.fr","robots":{"index":"index","follow":"follow","max-snippet":"max-snippet:-1","max-image-preview":"max-image-preview:large","max-video-preview":"max-video-preview:-1"},"canonical":"https:\/\/malijai.fr\/index.php\/2022\/01\/30\/transport-de-lagglomeration\/","og_locale":"fr_FR","og_type":"article","og_title":"Transport de l'agglom\u00e9ration | Malijai.fr","og_description":"Provence Alpes Agglom\u00e9ration \u00a0TRANSPORTS Recevez toutes les informations des transports de l\u2019agglom\u00e9ration en temps r\u00e9el sur votre smartphone !Un retard de bus ? Une \u00e9volution sur le r\u00e9seau ? Des travaux ou \u00e9v\u00e8nements entra\u00eenant une modification de trajet ? Soyez avertis en temps r\u00e9el, sur votre smartphone ou tablette, des perturbations et \u00e9volutions des services [&hellip;]","og_url":"https:\/\/malijai.fr\/index.php\/2022\/01\/30\/transport-de-lagglomeration\/","og_site_name":"Malijai.fr","article_publisher":"https:\/\/www.facebook.com\/MairieDeMalijai","article_published_time":"2022-01-30T16:51:46+00:00","article_modified_time":"2022-01-30T16:51:48+00:00","og_image":[{"width":333,"height":333,"url":"https:\/\/malijai.fr\/wp-content\/uploads\/2022\/01\/272807462_1878943358958451_1250740414464485259_n.jpg","type":"image\/jpeg"}],"author":"Gilles GONCALVES","twitter_card":"summary_large_image","twitter_misc":{"\u00c9crit par":"Gilles GONCALVES","Dur\u00e9e de lecture estim\u00e9e":"1 minute"},"schema":{"@context":"https:\/\/schema.org","@graph":[{"@type":"Article","@id":"https:\/\/malijai.fr\/index.php\/2022\/01\/30\/transport-de-lagglomeration\/#article","isPartOf":{"@id":"https:\/\/malijai.fr\/index.php\/2022\/01\/30\/transport-de-lagglomeration\/"},"author":{"name":"Gilles GONCALVES","@id":"https:\/\/malijai.fr\/#\/schema\/person\/f3e45b6e7a46f269bfcbdf71dd59e14a"},"headline":"Transport de l&rsquo;agglom\u00e9ration","datePublished":"2022-01-30T16:51:46+00:00","dateModified":"2022-01-30T16:51:48+00:00","mainEntityOfPage":{"@id":"https:\/\/malijai.fr\/index.php\/2022\/01\/30\/transport-de-lagglomeration\/"},"wordCount":180,"publisher":{"@id":"https:\/\/malijai.fr\/#organization"},"image":{"@id":"https:\/\/malijai.fr\/index.php\/2022\/01\/30\/transport-de-lagglomeration\/#primaryimage"},"thumbnailUrl":"https:\/\/malijai.fr\/wp-content\/uploads\/2022\/01\/272807462_1878943358958451_1250740414464485259_n.jpg","articleSection":["Actualit\u00e9"],"inLanguage":"fr-FR"},{"@type":"WebPage","@id":"https:\/\/malijai.fr\/index.php\/2022\/01\/30\/transport-de-lagglomeration\/","url":"https:\/\/malijai.fr\/index.php\/2022\/01\/30\/transport-de-lagglomeration\/","name":"Transport de l'agglom\u00e9ration | Malijai.fr","isPartOf":{"@id":"https:\/\/malijai.fr\/#website"},"primaryImageOfPage":{"@id":"https:\/\/malijai.fr\/index.php\/2022\/01\/30\/transport-de-lagglomeration\/#primaryimage"},"image":{"@id":"https:\/\/malijai.fr\/index.php\/2022\/01\/30\/transport-de-lagglomeration\/#primaryimage"},"thumbnailUrl":"https:\/\/malijai.fr\/wp-content\/uploads\/2022\/01\/272807462_1878943358958451_1250740414464485259_n.jpg","datePublished":"2022-01-30T16:51:46+00:00","dateModified":"2022-01-30T16:51:48+00:00","breadcrumb":{"@id":"https:\/\/malijai.fr\/index.php\/2022\/01\/30\/transport-de-lagglomeration\/#breadcrumb"},"inLanguage":"fr-FR","potentialAction":[{"@type":"ReadAction","target":["https:\/\/malijai.fr\/index.php\/2022\/01\/30\/transport-de-lagglomeration\/"]}]},{"@type":"ImageObject","inLanguage":"fr-FR","@id":"https:\/\/malijai.fr\/index.php\/2022\/01\/30\/transport-de-lagglomeration\/#primaryimage","url":"https:\/\/malijai.fr\/wp-content\/uploads\/2022\/01\/272807462_1878943358958451_1250740414464485259_n.jpg","contentUrl":"https:\/\/malijai.fr\/wp-content\/uploads\/2022\/01\/272807462_1878943358958451_1250740414464485259_n.jpg","width":333,"height":333},{"@type":"BreadcrumbList","@id":"https:\/\/malijai.fr\/index.php\/2022\/01\/30\/transport-de-lagglomeration\/#breadcrumb","itemListElement":[{"@type":"ListItem","position":1,"name":"Accueil","item":"https:\/\/malijai.fr\/"},{"@type":"ListItem","position":2,"name":"Transport de l&rsquo;agglom\u00e9ration"}]},{"@type":"WebSite","@id":"https:\/\/malijai.fr\/#website","url":"https:\/\/malijai.fr\/","name":"Malijai.fr","description":"Site internet de la commune de Malijai dans les Alpes de Haute-Provence","publisher":{"@id":"https:\/\/malijai.fr\/#organization"},"potentialAction":[{"@type":"SearchAction","target":{"@type":"EntryPoint","urlTemplate":"https:\/\/malijai.fr\/?s={search_term_string}"},"query-input":{"@type":"PropertyValueSpecification","valueRequired":true,"valueName":"search_term_string"}}],"inLanguage":"fr-FR"},{"@type":"Organization","@id":"https:\/\/malijai.fr\/#organization","name":"Malijai","url":"https:\/\/malijai.fr\/","logo":{"@type":"ImageObject","inLanguage":"fr-FR","@id":"https:\/\/malijai.fr\/#\/schema\/logo\/image\/","url":"https:\/\/www.malijai.fr\/wp-content\/uploads\/2021\/11\/205467984_317221263388622_5064034598485676827_n.jpg","contentUrl":"https:\/\/www.malijai.fr\/wp-content\/uploads\/2021\/11\/205467984_317221263388622_5064034598485676827_n.jpg","width":1697,"height":1080,"caption":"Malijai"},"image":{"@id":"https:\/\/malijai.fr\/#\/schema\/logo\/image\/"},"sameAs":["https:\/\/www.facebook.com\/MairieDeMalijai"]},{"@type":"Person","@id":"https:\/\/malijai.fr\/#\/schema\/person\/f3e45b6e7a46f269bfcbdf71dd59e14a","name":"Gilles GONCALVES","image":{"@type":"ImageObject","inLanguage":"fr-FR","@id":"https:\/\/secure.gravatar.com\/avatar\/0864925b915317c99c8c3d40c86269db4a772d1fbbac72b82a91de22a6c4859a?s=96&d=mm&r=g","url":"https:\/\/secure.gravatar.com\/avatar\/0864925b915317c99c8c3d40c86269db4a772d1fbbac72b82a91de22a6c4859a?s=96&d=mm&r=g","contentUrl":"https:\/\/secure.gravatar.com\/avatar\/0864925b915317c99c8c3d40c86269db4a772d1fbbac72b82a91de22a6c4859a?s=96&d=mm&r=g","caption":"Gilles GONCALVES"},"url":"https:\/\/malijai.fr\/index.php\/author\/gilles-goncalves\/"}]}},"_links":{"self":[{"href":"https:\/\/malijai.fr\/index.php\/wp-json\/wp\/v2\/posts\/8737","targetHints":{"allow":["GET"]}}],"collection":[{"href":"https:\/\/malijai.fr\/index.php\/wp-json\/wp\/v2\/posts"}],"about":[{"href":"https:\/\/malijai.fr\/index.php\/wp-json\/wp\/v2\/types\/post"}],"author":[{"embeddable":true,"href":"https:\/\/malijai.fr\/index.php\/wp-json\/wp\/v2\/users\/6"}],"replies":[{"embeddable":true,"href":"https:\/\/malijai.fr\/index.php\/wp-json\/wp\/v2\/comments?post=8737"}],"version-history":[{"count":1,"href":"https:\/\/malijai.fr\/index.php\/wp-json\/wp\/v2\/posts\/8737\/revisions"}],"predecessor-version":[{"id":8740,"href":"https:\/\/malijai.fr\/index.php\/wp-json\/wp\/v2\/posts\/8737\/revisions\/8740"}],"wp:featuredmedia":[{"embeddable":true,"href":"https:\/\/malijai.fr\/index.php\/wp-json\/wp\/v2\/media\/8739"}],"wp:attachment":[{"href":"https:\/\/malijai.fr\/index.php\/wp-json\/wp\/v2\/media?parent=8737"}],"wp:term":[{"taxonomy":"category","embeddable":true,"href":"https:\/\/malijai.fr\/index.php\/wp-json\/wp\/v2\/categories?post=8737"},{"taxonomy":"post_tag","embeddable":true,"href":"https:\/\/malijai.fr\/index.php\/wp-json\/wp\/v2\/tags?post=8737"}],"curies":[{"name":"wp","href":"https:\/\/api.w.org\/{rel}","templated":true}]}}