{"id":9918,"date":"2022-11-14T16:07:04","date_gmt":"2022-11-14T15:07:04","guid":{"rendered":"https:\/\/malijai.fr\/?p=9918"},"modified":"2022-11-14T16:07:05","modified_gmt":"2022-11-14T15:07:05","slug":"reglement-de-la-collecte-des-dechets","status":"publish","type":"post","link":"https:\/\/malijai.fr\/index.php\/2022\/11\/14\/reglement-de-la-collecte-des-dechets\/","title":{"rendered":"REGLEMENT DE LA COLLECTE DES DECHETS"},"content":{"rendered":"\n<figure class=\"wp-block-image size-full is-resized\"><a href=\"https:\/\/malijai.fr\/wp-content\/uploads\/2022\/11\/312625977_438926791733491_3287396999364941605_n.jpg\"><img fetchpriority=\"high\" decoding=\"async\" src=\"https:\/\/malijai.fr\/wp-content\/uploads\/2022\/11\/312625977_438926791733491_3287396999364941605_n.jpg\" alt=\"\" class=\"wp-image-9919\" width=\"496\" height=\"292\" srcset=\"https:\/\/malijai.fr\/wp-content\/uploads\/2022\/11\/312625977_438926791733491_3287396999364941605_n.jpg 858w, https:\/\/malijai.fr\/wp-content\/uploads\/2022\/11\/312625977_438926791733491_3287396999364941605_n-300x177.jpg 300w, https:\/\/malijai.fr\/wp-content\/uploads\/2022\/11\/312625977_438926791733491_3287396999364941605_n-768x453.jpg 768w\" sizes=\"(max-width: 496px) 100vw, 496px\" \/><\/a><\/figure>\n\n\n\n<h2 class=\"wp-block-heading\" id=\"jsc_c_l2\"><a href=\"https:\/\/www.facebook.com\/ProvenceAlpesAgglo?__cft__[0]=AZWoZclQpwB-fPIq5oRuDMhSWks3NSWNYibPc_mm_QMxRosagWA38pqOsWpoKuPBbjeXREBOSSQCG7rbZfXhb1OhgPHz-8JhTizVNdGz1mSzN52LzHaKl8NI1HxzhNGAqixEEXlk8VcZf4UtRrPUqe6V3ra2LzNGQ2PXk-6jYOioZ_n2uhgFMFVgaPhj_k7LVug&amp;__tn__=-UC%2CP-R\"><strong>Provence Alpes Agglom\u00e9ration<\/strong><\/a><\/h2>\n\n\n\n<p><strong>GESTION DES D\u00c9CHETS<\/strong> : Consultez le r\u00e8glement de collecte des d\u00e9chets de PAA <img decoding=\"async\" height=\"16\" width=\"16\" src=\"https:\/\/static.xx.fbcdn.net\/images\/emoji.php\/v9\/t7f\/1.5\/16\/267b.png\" alt=\"&#x267b;&#xfe0f;\"><img decoding=\"async\" height=\"16\" width=\"16\" src=\"https:\/\/static.xx.fbcdn.net\/images\/emoji.php\/v9\/t21\/1.5\/16\/1f440.png\" alt=\"&#x1f440;\"><\/p>\n\n\n\n<p>Approuv\u00e9 lors du conseil d\u2019agglom\u00e9ration du 6 octobre 2022, ce document rappelle l\u2019organisation des comp\u00e9tences, les objectifs en mati\u00e8re de pr\u00e9vention, la d\u00e9finition des d\u00e9chets pris en charge par le service d\u00e9chets de PAA, les modalit\u00e9s de collecte, les dispositions financi\u00e8res, les obligations \u00e0 respecter et les sanctions pr\u00e9vues en cas de manquement.<\/p>\n\n\n\n<p><img loading=\"lazy\" decoding=\"async\" height=\"16\" width=\"16\" alt=\"&#x1f4e3;\" src=\"https:\/\/static.xx.fbcdn.net\/images\/emoji.php\/v9\/t13\/1.5\/16\/1f4e3.png\">Tout contrevenant au r\u00e8glement de collecte <a><\/a>s\u2019expose \u00e0 une amende forfaitaire de 38 euros. Le d\u00e9p\u00f4t sauvage, m\u00eame au pied des conteneurs, \u00e9tant sanctionn\u00e9 d\u2019une amende pouvant aller jusqu\u2019\u00e0 1500 \u20ac.<\/p>\n\n\n\n<p><img loading=\"lazy\" decoding=\"async\" height=\"16\" width=\"16\" src=\"https:\/\/static.xx.fbcdn.net\/images\/emoji.php\/v9\/taa\/1.5\/16\/1f449.png\" alt=\"&#x1f449;\">Retrouvez le r\u00e8glement et ses 3 annexes sur :<strong> <a href=\"https:\/\/l.facebook.com\/l.php?u=https%3A%2F%2Fbit.ly%2F3DVWS19%3Ffbclid%3DIwAR0Y_DZ6TjvEtcQYdEwTjhVtx8GxDGCaMBP3FlWLti1yjidz8cyepH3m41w&amp;h=AT02BhQdxgdJ99GeTbb0Ncmof_oU6bXpGSeAJTb62NQG5cIoKYgSAxkUmslsIqvUkOfPbCTPa7MNiEuO_Nwt-p_KKUhrtkPJYKALYspUFbh7OkluKDiARjBLrlLiTwyKY_W053f8gGAUcqYMn4dU&amp;__tn__=-UK-R&amp;c[0]=AT1Usw-DPP26v66eda_8f9bdgkHjz-V7fLhWl8SwBXUFxieWYKWPgSxneaLJb_lNVtQEyXWWsHZ1RYKskkXet5P8oDkllkntnphWhhvEiO5Ir3VjyRlR2C6qQdIfgLUrlCI8ppoEDod-vc9aBRHZx0ECMLXG0f8rQFZGB_Grr05EsX_UjlQdDp1urZHq2PbZ0b1Yi__iksBk\" target=\"_blank\" rel=\"noreferrer noopener\">https:\/\/bit.ly\/3DVWS19<\/a><\/strong><\/p>\n","protected":false},"excerpt":{"rendered":"<p>Provence Alpes Agglom\u00e9ration GESTION DES D\u00c9CHETS : Consultez le r\u00e8glement de collecte des d\u00e9chets de PAA Approuv\u00e9 lors du conseil d\u2019agglom\u00e9ration du 6 octobre 2022, ce document rappelle l\u2019organisation des comp\u00e9tences, les objectifs en mati\u00e8re de pr\u00e9vention, la d\u00e9finition des d\u00e9chets pris en charge par le service d\u00e9chets de PAA, les modalit\u00e9s de collecte, les [&hellip;]<\/p>\n","protected":false},"author":6,"featured_media":9919,"comment_status":"closed","ping_status":"open","sticky":false,"template":"","format":"standard","meta":{"ngg_post_thumbnail":0,"ocean_post_layout":"","ocean_both_sidebars_style":"","ocean_both_sidebars_content_width":0,"ocean_both_sidebars_sidebars_width":0,"ocean_sidebar":"0","ocean_second_sidebar":"0","ocean_disable_margins":"enable","ocean_add_body_class":"","ocean_shortcode_before_top_bar":"","ocean_shortcode_after_top_bar":"","ocean_shortcode_before_header":"","ocean_shortcode_after_header":"","ocean_has_shortcode":"","ocean_shortcode_after_title":"","ocean_shortcode_before_footer_widgets":"","ocean_shortcode_after_footer_widgets":"","ocean_shortcode_before_footer_bottom":"","ocean_shortcode_after_footer_bottom":"","ocean_display_top_bar":"default","ocean_display_header":"default","ocean_header_style":"","ocean_center_header_left_menu":"0","ocean_custom_header_template":"0","ocean_custom_logo":0,"ocean_custom_retina_logo":0,"ocean_custom_logo_max_width":0,"ocean_custom_logo_tablet_max_width":0,"ocean_custom_logo_mobile_max_width":0,"ocean_custom_logo_max_height":0,"ocean_custom_logo_tablet_max_height":0,"ocean_custom_logo_mobile_max_height":0,"ocean_header_custom_menu":"0","ocean_menu_typo_font_family":"0","ocean_menu_typo_font_subset":"","ocean_menu_typo_font_size":0,"ocean_menu_typo_font_size_tablet":0,"ocean_menu_typo_font_size_mobile":0,"ocean_menu_typo_font_size_unit":"px","ocean_menu_typo_font_weight":"","ocean_menu_typo_font_weight_tablet":"","ocean_menu_typo_font_weight_mobile":"","ocean_menu_typo_transform":"","ocean_menu_typo_transform_tablet":"","ocean_menu_typo_transform_mobile":"","ocean_menu_typo_line_height":0,"ocean_menu_typo_line_height_tablet":0,"ocean_menu_typo_line_height_mobile":0,"ocean_menu_typo_line_height_unit":"","ocean_menu_typo_spacing":0,"ocean_menu_typo_spacing_tablet":0,"ocean_menu_typo_spacing_mobile":0,"ocean_menu_typo_spacing_unit":"","ocean_menu_link_color":"","ocean_menu_link_color_hover":"","ocean_menu_link_color_active":"","ocean_menu_link_background":"","ocean_menu_link_hover_background":"","ocean_menu_link_active_background":"","ocean_menu_social_links_bg":"","ocean_menu_social_hover_links_bg":"","ocean_menu_social_links_color":"","ocean_menu_social_hover_links_color":"","ocean_disable_title":"default","ocean_disable_heading":"default","ocean_post_title":"","ocean_post_subheading":"","ocean_post_title_style":"","ocean_post_title_background_color":"","ocean_post_title_background":0,"ocean_post_title_bg_image_position":"","ocean_post_title_bg_image_attachment":"","ocean_post_title_bg_image_repeat":"","ocean_post_title_bg_image_size":"","ocean_post_title_height":0,"ocean_post_title_bg_overlay":0.5,"ocean_post_title_bg_overlay_color":"","ocean_disable_breadcrumbs":"default","ocean_breadcrumbs_color":"","ocean_breadcrumbs_separator_color":"","ocean_breadcrumbs_links_color":"","ocean_breadcrumbs_links_hover_color":"","ocean_display_footer_widgets":"default","ocean_display_footer_bottom":"default","ocean_custom_footer_template":"0","ocean_post_oembed":"","ocean_post_self_hosted_media":"","ocean_post_video_embed":"","ocean_link_format":"","ocean_link_format_target":"self","ocean_quote_format":"","ocean_quote_format_link":"post","ocean_gallery_link_images":"off","ocean_gallery_id":[],"footnotes":""},"categories":[11],"tags":[],"class_list":["post-9918","post","type-post","status-publish","format-standard","has-post-thumbnail","hentry","category-actualite","entry","has-media"],"yoast_head":"<!-- This site is optimized with the Yoast SEO plugin v27.5 - https:\/\/yoast.com\/product\/yoast-seo-wordpress\/ -->\n<title>REGLEMENT DE LA COLLECTE DES DECHETS | Malijai.fr<\/title>\n<meta name=\"robots\" content=\"index, follow, max-snippet:-1, max-image-preview:large, max-video-preview:-1\" \/>\n<link rel=\"canonical\" href=\"https:\/\/malijai.fr\/index.php\/2022\/11\/14\/reglement-de-la-collecte-des-dechets\/\" \/>\n<meta property=\"og:locale\" content=\"fr_FR\" \/>\n<meta property=\"og:type\" content=\"article\" \/>\n<meta property=\"og:title\" content=\"REGLEMENT DE LA COLLECTE DES DECHETS | Malijai.fr\" \/>\n<meta property=\"og:description\" content=\"Provence Alpes Agglom\u00e9ration GESTION DES D\u00c9CHETS : Consultez le r\u00e8glement de collecte des d\u00e9chets de PAA Approuv\u00e9 lors du conseil d\u2019agglom\u00e9ration du 6 octobre 2022, ce document rappelle l\u2019organisation des comp\u00e9tences, les objectifs en mati\u00e8re de pr\u00e9vention, la d\u00e9finition des d\u00e9chets pris en charge par le service d\u00e9chets de PAA, les modalit\u00e9s de collecte, les [&hellip;]\" \/>\n<meta property=\"og:url\" content=\"https:\/\/malijai.fr\/index.php\/2022\/11\/14\/reglement-de-la-collecte-des-dechets\/\" \/>\n<meta property=\"og:site_name\" content=\"Malijai.fr\" \/>\n<meta property=\"article:publisher\" content=\"https:\/\/www.facebook.com\/MairieDeMalijai\" \/>\n<meta property=\"article:published_time\" content=\"2022-11-14T15:07:04+00:00\" \/>\n<meta property=\"article:modified_time\" content=\"2022-11-14T15:07:05+00:00\" \/>\n<meta property=\"og:image\" content=\"https:\/\/malijai.fr\/wp-content\/uploads\/2022\/11\/312625977_438926791733491_3287396999364941605_n.jpg\" \/>\n\t<meta property=\"og:image:width\" content=\"858\" \/>\n\t<meta property=\"og:image:height\" content=\"506\" \/>\n\t<meta property=\"og:image:type\" content=\"image\/jpeg\" \/>\n<meta name=\"author\" content=\"Gilles GONCALVES\" \/>\n<meta name=\"twitter:card\" content=\"summary_large_image\" \/>\n<meta name=\"twitter:label1\" content=\"\u00c9crit par\" \/>\n\t<meta name=\"twitter:data1\" content=\"Gilles GONCALVES\" \/>\n\t<meta name=\"twitter:label2\" content=\"Dur\u00e9e de lecture estim\u00e9e\" \/>\n\t<meta name=\"twitter:data2\" content=\"2 minutes\" \/>\n<script type=\"application\/ld+json\" class=\"yoast-schema-graph\">{\"@context\":\"https:\\\/\\\/schema.org\",\"@graph\":[{\"@type\":\"Article\",\"@id\":\"https:\\\/\\\/malijai.fr\\\/index.php\\\/2022\\\/11\\\/14\\\/reglement-de-la-collecte-des-dechets\\\/#article\",\"isPartOf\":{\"@id\":\"https:\\\/\\\/malijai.fr\\\/index.php\\\/2022\\\/11\\\/14\\\/reglement-de-la-collecte-des-dechets\\\/\"},\"author\":{\"name\":\"Gilles GONCALVES\",\"@id\":\"https:\\\/\\\/malijai.fr\\\/#\\\/schema\\\/person\\\/f3e45b6e7a46f269bfcbdf71dd59e14a\"},\"headline\":\"REGLEMENT DE LA COLLECTE DES DECHETS\",\"datePublished\":\"2022-11-14T15:07:04+00:00\",\"dateModified\":\"2022-11-14T15:07:05+00:00\",\"mainEntityOfPage\":{\"@id\":\"https:\\\/\\\/malijai.fr\\\/index.php\\\/2022\\\/11\\\/14\\\/reglement-de-la-collecte-des-dechets\\\/\"},\"wordCount\":132,\"publisher\":{\"@id\":\"https:\\\/\\\/malijai.fr\\\/#organization\"},\"image\":{\"@id\":\"https:\\\/\\\/malijai.fr\\\/index.php\\\/2022\\\/11\\\/14\\\/reglement-de-la-collecte-des-dechets\\\/#primaryimage\"},\"thumbnailUrl\":\"https:\\\/\\\/malijai.fr\\\/wp-content\\\/uploads\\\/2022\\\/11\\\/312625977_438926791733491_3287396999364941605_n.jpg\",\"articleSection\":[\"Actualit\u00e9\"],\"inLanguage\":\"fr-FR\"},{\"@type\":\"WebPage\",\"@id\":\"https:\\\/\\\/malijai.fr\\\/index.php\\\/2022\\\/11\\\/14\\\/reglement-de-la-collecte-des-dechets\\\/\",\"url\":\"https:\\\/\\\/malijai.fr\\\/index.php\\\/2022\\\/11\\\/14\\\/reglement-de-la-collecte-des-dechets\\\/\",\"name\":\"REGLEMENT DE LA COLLECTE DES DECHETS | Malijai.fr\",\"isPartOf\":{\"@id\":\"https:\\\/\\\/malijai.fr\\\/#website\"},\"primaryImageOfPage\":{\"@id\":\"https:\\\/\\\/malijai.fr\\\/index.php\\\/2022\\\/11\\\/14\\\/reglement-de-la-collecte-des-dechets\\\/#primaryimage\"},\"image\":{\"@id\":\"https:\\\/\\\/malijai.fr\\\/index.php\\\/2022\\\/11\\\/14\\\/reglement-de-la-collecte-des-dechets\\\/#primaryimage\"},\"thumbnailUrl\":\"https:\\\/\\\/malijai.fr\\\/wp-content\\\/uploads\\\/2022\\\/11\\\/312625977_438926791733491_3287396999364941605_n.jpg\",\"datePublished\":\"2022-11-14T15:07:04+00:00\",\"dateModified\":\"2022-11-14T15:07:05+00:00\",\"breadcrumb\":{\"@id\":\"https:\\\/\\\/malijai.fr\\\/index.php\\\/2022\\\/11\\\/14\\\/reglement-de-la-collecte-des-dechets\\\/#breadcrumb\"},\"inLanguage\":\"fr-FR\",\"potentialAction\":[{\"@type\":\"ReadAction\",\"target\":[\"https:\\\/\\\/malijai.fr\\\/index.php\\\/2022\\\/11\\\/14\\\/reglement-de-la-collecte-des-dechets\\\/\"]}]},{\"@type\":\"ImageObject\",\"inLanguage\":\"fr-FR\",\"@id\":\"https:\\\/\\\/malijai.fr\\\/index.php\\\/2022\\\/11\\\/14\\\/reglement-de-la-collecte-des-dechets\\\/#primaryimage\",\"url\":\"https:\\\/\\\/malijai.fr\\\/wp-content\\\/uploads\\\/2022\\\/11\\\/312625977_438926791733491_3287396999364941605_n.jpg\",\"contentUrl\":\"https:\\\/\\\/malijai.fr\\\/wp-content\\\/uploads\\\/2022\\\/11\\\/312625977_438926791733491_3287396999364941605_n.jpg\",\"width\":858,\"height\":506},{\"@type\":\"BreadcrumbList\",\"@id\":\"https:\\\/\\\/malijai.fr\\\/index.php\\\/2022\\\/11\\\/14\\\/reglement-de-la-collecte-des-dechets\\\/#breadcrumb\",\"itemListElement\":[{\"@type\":\"ListItem\",\"position\":1,\"name\":\"Accueil\",\"item\":\"https:\\\/\\\/malijai.fr\\\/\"},{\"@type\":\"ListItem\",\"position\":2,\"name\":\"REGLEMENT DE LA COLLECTE DES DECHETS\"}]},{\"@type\":\"WebSite\",\"@id\":\"https:\\\/\\\/malijai.fr\\\/#website\",\"url\":\"https:\\\/\\\/malijai.fr\\\/\",\"name\":\"Malijai.fr\",\"description\":\"Site internet de la commune de Malijai dans les Alpes de Haute-Provence\",\"publisher\":{\"@id\":\"https:\\\/\\\/malijai.fr\\\/#organization\"},\"potentialAction\":[{\"@type\":\"SearchAction\",\"target\":{\"@type\":\"EntryPoint\",\"urlTemplate\":\"https:\\\/\\\/malijai.fr\\\/?s={search_term_string}\"},\"query-input\":{\"@type\":\"PropertyValueSpecification\",\"valueRequired\":true,\"valueName\":\"search_term_string\"}}],\"inLanguage\":\"fr-FR\"},{\"@type\":\"Organization\",\"@id\":\"https:\\\/\\\/malijai.fr\\\/#organization\",\"name\":\"Malijai\",\"url\":\"https:\\\/\\\/malijai.fr\\\/\",\"logo\":{\"@type\":\"ImageObject\",\"inLanguage\":\"fr-FR\",\"@id\":\"https:\\\/\\\/malijai.fr\\\/#\\\/schema\\\/logo\\\/image\\\/\",\"url\":\"https:\\\/\\\/www.malijai.fr\\\/wp-content\\\/uploads\\\/2021\\\/11\\\/205467984_317221263388622_5064034598485676827_n.jpg\",\"contentUrl\":\"https:\\\/\\\/www.malijai.fr\\\/wp-content\\\/uploads\\\/2021\\\/11\\\/205467984_317221263388622_5064034598485676827_n.jpg\",\"width\":1697,\"height\":1080,\"caption\":\"Malijai\"},\"image\":{\"@id\":\"https:\\\/\\\/malijai.fr\\\/#\\\/schema\\\/logo\\\/image\\\/\"},\"sameAs\":[\"https:\\\/\\\/www.facebook.com\\\/MairieDeMalijai\"]},{\"@type\":\"Person\",\"@id\":\"https:\\\/\\\/malijai.fr\\\/#\\\/schema\\\/person\\\/f3e45b6e7a46f269bfcbdf71dd59e14a\",\"name\":\"Gilles GONCALVES\",\"image\":{\"@type\":\"ImageObject\",\"inLanguage\":\"fr-FR\",\"@id\":\"https:\\\/\\\/secure.gravatar.com\\\/avatar\\\/0864925b915317c99c8c3d40c86269db4a772d1fbbac72b82a91de22a6c4859a?s=96&d=mm&r=g\",\"url\":\"https:\\\/\\\/secure.gravatar.com\\\/avatar\\\/0864925b915317c99c8c3d40c86269db4a772d1fbbac72b82a91de22a6c4859a?s=96&d=mm&r=g\",\"contentUrl\":\"https:\\\/\\\/secure.gravatar.com\\\/avatar\\\/0864925b915317c99c8c3d40c86269db4a772d1fbbac72b82a91de22a6c4859a?s=96&d=mm&r=g\",\"caption\":\"Gilles GONCALVES\"},\"url\":\"https:\\\/\\\/malijai.fr\\\/index.php\\\/author\\\/gilles-goncalves\\\/\"}]}<\/script>\n<!-- \/ Yoast SEO plugin. -->","yoast_head_json":{"title":"REGLEMENT DE LA COLLECTE DES DECHETS | Malijai.fr","robots":{"index":"index","follow":"follow","max-snippet":"max-snippet:-1","max-image-preview":"max-image-preview:large","max-video-preview":"max-video-preview:-1"},"canonical":"https:\/\/malijai.fr\/index.php\/2022\/11\/14\/reglement-de-la-collecte-des-dechets\/","og_locale":"fr_FR","og_type":"article","og_title":"REGLEMENT DE LA COLLECTE DES DECHETS | Malijai.fr","og_description":"Provence Alpes Agglom\u00e9ration GESTION DES D\u00c9CHETS : Consultez le r\u00e8glement de collecte des d\u00e9chets de PAA Approuv\u00e9 lors du conseil d\u2019agglom\u00e9ration du 6 octobre 2022, ce document rappelle l\u2019organisation des comp\u00e9tences, les objectifs en mati\u00e8re de pr\u00e9vention, la d\u00e9finition des d\u00e9chets pris en charge par le service d\u00e9chets de PAA, les modalit\u00e9s de collecte, les [&hellip;]","og_url":"https:\/\/malijai.fr\/index.php\/2022\/11\/14\/reglement-de-la-collecte-des-dechets\/","og_site_name":"Malijai.fr","article_publisher":"https:\/\/www.facebook.com\/MairieDeMalijai","article_published_time":"2022-11-14T15:07:04+00:00","article_modified_time":"2022-11-14T15:07:05+00:00","og_image":[{"width":858,"height":506,"url":"https:\/\/malijai.fr\/wp-content\/uploads\/2022\/11\/312625977_438926791733491_3287396999364941605_n.jpg","type":"image\/jpeg"}],"author":"Gilles GONCALVES","twitter_card":"summary_large_image","twitter_misc":{"\u00c9crit par":"Gilles GONCALVES","Dur\u00e9e de lecture estim\u00e9e":"2 minutes"},"schema":{"@context":"https:\/\/schema.org","@graph":[{"@type":"Article","@id":"https:\/\/malijai.fr\/index.php\/2022\/11\/14\/reglement-de-la-collecte-des-dechets\/#article","isPartOf":{"@id":"https:\/\/malijai.fr\/index.php\/2022\/11\/14\/reglement-de-la-collecte-des-dechets\/"},"author":{"name":"Gilles GONCALVES","@id":"https:\/\/malijai.fr\/#\/schema\/person\/f3e45b6e7a46f269bfcbdf71dd59e14a"},"headline":"REGLEMENT DE LA COLLECTE DES DECHETS","datePublished":"2022-11-14T15:07:04+00:00","dateModified":"2022-11-14T15:07:05+00:00","mainEntityOfPage":{"@id":"https:\/\/malijai.fr\/index.php\/2022\/11\/14\/reglement-de-la-collecte-des-dechets\/"},"wordCount":132,"publisher":{"@id":"https:\/\/malijai.fr\/#organization"},"image":{"@id":"https:\/\/malijai.fr\/index.php\/2022\/11\/14\/reglement-de-la-collecte-des-dechets\/#primaryimage"},"thumbnailUrl":"https:\/\/malijai.fr\/wp-content\/uploads\/2022\/11\/312625977_438926791733491_3287396999364941605_n.jpg","articleSection":["Actualit\u00e9"],"inLanguage":"fr-FR"},{"@type":"WebPage","@id":"https:\/\/malijai.fr\/index.php\/2022\/11\/14\/reglement-de-la-collecte-des-dechets\/","url":"https:\/\/malijai.fr\/index.php\/2022\/11\/14\/reglement-de-la-collecte-des-dechets\/","name":"REGLEMENT DE LA COLLECTE DES DECHETS | Malijai.fr","isPartOf":{"@id":"https:\/\/malijai.fr\/#website"},"primaryImageOfPage":{"@id":"https:\/\/malijai.fr\/index.php\/2022\/11\/14\/reglement-de-la-collecte-des-dechets\/#primaryimage"},"image":{"@id":"https:\/\/malijai.fr\/index.php\/2022\/11\/14\/reglement-de-la-collecte-des-dechets\/#primaryimage"},"thumbnailUrl":"https:\/\/malijai.fr\/wp-content\/uploads\/2022\/11\/312625977_438926791733491_3287396999364941605_n.jpg","datePublished":"2022-11-14T15:07:04+00:00","dateModified":"2022-11-14T15:07:05+00:00","breadcrumb":{"@id":"https:\/\/malijai.fr\/index.php\/2022\/11\/14\/reglement-de-la-collecte-des-dechets\/#breadcrumb"},"inLanguage":"fr-FR","potentialAction":[{"@type":"ReadAction","target":["https:\/\/malijai.fr\/index.php\/2022\/11\/14\/reglement-de-la-collecte-des-dechets\/"]}]},{"@type":"ImageObject","inLanguage":"fr-FR","@id":"https:\/\/malijai.fr\/index.php\/2022\/11\/14\/reglement-de-la-collecte-des-dechets\/#primaryimage","url":"https:\/\/malijai.fr\/wp-content\/uploads\/2022\/11\/312625977_438926791733491_3287396999364941605_n.jpg","contentUrl":"https:\/\/malijai.fr\/wp-content\/uploads\/2022\/11\/312625977_438926791733491_3287396999364941605_n.jpg","width":858,"height":506},{"@type":"BreadcrumbList","@id":"https:\/\/malijai.fr\/index.php\/2022\/11\/14\/reglement-de-la-collecte-des-dechets\/#breadcrumb","itemListElement":[{"@type":"ListItem","position":1,"name":"Accueil","item":"https:\/\/malijai.fr\/"},{"@type":"ListItem","position":2,"name":"REGLEMENT DE LA COLLECTE DES DECHETS"}]},{"@type":"WebSite","@id":"https:\/\/malijai.fr\/#website","url":"https:\/\/malijai.fr\/","name":"Malijai.fr","description":"Site internet de la commune de Malijai dans les Alpes de Haute-Provence","publisher":{"@id":"https:\/\/malijai.fr\/#organization"},"potentialAction":[{"@type":"SearchAction","target":{"@type":"EntryPoint","urlTemplate":"https:\/\/malijai.fr\/?s={search_term_string}"},"query-input":{"@type":"PropertyValueSpecification","valueRequired":true,"valueName":"search_term_string"}}],"inLanguage":"fr-FR"},{"@type":"Organization","@id":"https:\/\/malijai.fr\/#organization","name":"Malijai","url":"https:\/\/malijai.fr\/","logo":{"@type":"ImageObject","inLanguage":"fr-FR","@id":"https:\/\/malijai.fr\/#\/schema\/logo\/image\/","url":"https:\/\/www.malijai.fr\/wp-content\/uploads\/2021\/11\/205467984_317221263388622_5064034598485676827_n.jpg","contentUrl":"https:\/\/www.malijai.fr\/wp-content\/uploads\/2021\/11\/205467984_317221263388622_5064034598485676827_n.jpg","width":1697,"height":1080,"caption":"Malijai"},"image":{"@id":"https:\/\/malijai.fr\/#\/schema\/logo\/image\/"},"sameAs":["https:\/\/www.facebook.com\/MairieDeMalijai"]},{"@type":"Person","@id":"https:\/\/malijai.fr\/#\/schema\/person\/f3e45b6e7a46f269bfcbdf71dd59e14a","name":"Gilles GONCALVES","image":{"@type":"ImageObject","inLanguage":"fr-FR","@id":"https:\/\/secure.gravatar.com\/avatar\/0864925b915317c99c8c3d40c86269db4a772d1fbbac72b82a91de22a6c4859a?s=96&d=mm&r=g","url":"https:\/\/secure.gravatar.com\/avatar\/0864925b915317c99c8c3d40c86269db4a772d1fbbac72b82a91de22a6c4859a?s=96&d=mm&r=g","contentUrl":"https:\/\/secure.gravatar.com\/avatar\/0864925b915317c99c8c3d40c86269db4a772d1fbbac72b82a91de22a6c4859a?s=96&d=mm&r=g","caption":"Gilles GONCALVES"},"url":"https:\/\/malijai.fr\/index.php\/author\/gilles-goncalves\/"}]}},"_links":{"self":[{"href":"https:\/\/malijai.fr\/index.php\/wp-json\/wp\/v2\/posts\/9918","targetHints":{"allow":["GET"]}}],"collection":[{"href":"https:\/\/malijai.fr\/index.php\/wp-json\/wp\/v2\/posts"}],"about":[{"href":"https:\/\/malijai.fr\/index.php\/wp-json\/wp\/v2\/types\/post"}],"author":[{"embeddable":true,"href":"https:\/\/malijai.fr\/index.php\/wp-json\/wp\/v2\/users\/6"}],"replies":[{"embeddable":true,"href":"https:\/\/malijai.fr\/index.php\/wp-json\/wp\/v2\/comments?post=9918"}],"version-history":[{"count":1,"href":"https:\/\/malijai.fr\/index.php\/wp-json\/wp\/v2\/posts\/9918\/revisions"}],"predecessor-version":[{"id":9920,"href":"https:\/\/malijai.fr\/index.php\/wp-json\/wp\/v2\/posts\/9918\/revisions\/9920"}],"wp:featuredmedia":[{"embeddable":true,"href":"https:\/\/malijai.fr\/index.php\/wp-json\/wp\/v2\/media\/9919"}],"wp:attachment":[{"href":"https:\/\/malijai.fr\/index.php\/wp-json\/wp\/v2\/media?parent=9918"}],"wp:term":[{"taxonomy":"category","embeddable":true,"href":"https:\/\/malijai.fr\/index.php\/wp-json\/wp\/v2\/categories?post=9918"},{"taxonomy":"post_tag","embeddable":true,"href":"https:\/\/malijai.fr\/index.php\/wp-json\/wp\/v2\/tags?post=9918"}],"curies":[{"name":"wp","href":"https:\/\/api.w.org\/{rel}","templated":true}]}}